{"id":3889,"date":"2021-01-27T18:06:11","date_gmt":"2021-01-27T18:06:11","guid":{"rendered":"http:\/\/archiv.szolnoktv.hu\/?p=3889"},"modified":"2021-08-02T18:08:51","modified_gmt":"2021-08-02T18:08:51","slug":"kinyilt-a-hovirag","status":"publish","type":"post","link":"http:\/\/archiv.szolnoktv.hu\/?p=3889","title":{"rendered":"Kiny\u00edlt a h\u00f3vir\u00e1g"},"content":{"rendered":"<div class='booster-block booster-read-block'><\/div><p>Kib\u00fajt a tavasz h\u00edrn\u00f6ke, v\u00e1rosszerte ny\u00edlik a h\u00f3vir\u00e1g. A kiskertek mellett a t\u00e1rsash\u00e1zak el\u0151tt is meg\u00e9rezte a zord \u00e9vszak k\u00f6zelg\u0151 v\u00e9g\u00e9t a v\u00e9dett n\u00f6v\u00e9ny. A h\u00f3vir\u00e1g megjelen\u00e9se m\u00e9g nem jelenti, hogy v\u00e9ge a hidegnek, csup\u00e1n eml\u00e9keztet r\u00e1, hogy a t\u00e9l sem \u00f6r\u00f6k.rn <br \/> &nbsp;<div style=\"width: 640px;\" class=\"wp-video\"><!--[if lt IE 9]><script>document.createElement('video');<\/script><![endif]-->\n<video class=\"wp-video-shortcode\" id=\"video-3889-1\" width=\"640\" height=\"360\" preload=\"metadata\" controls=\"controls\"><source type=\"video\/mp4\" src=\"\/spots\/hir\/hir_210127_03.mp4?_=1\" \/><a href=\"\/spots\/hir\/hir_210127_03.mp4\">\/spots\/hir\/hir_210127_03.mp4<\/a><\/video><\/div><\/p>\n","protected":false},"excerpt":{"rendered":"<p>Kib\u00fajt a tavasz h\u00edrn\u00f6ke, v\u00e1rosszerte ny\u00edlik a h\u00f3vir\u00e1g. A kiskertek mellett a t\u00e1rsash\u00e1zak el\u0151tt is meg\u00e9rezte a zord \u00e9vszak k\u00f6zelg\u0151 v\u00e9g\u00e9t a v\u00e9dett n\u00f6v\u00e9ny. A h\u00f3vir\u00e1g megjelen\u00e9se m\u00e9g nem jelenti, hogy v\u00e9ge a hidegnek, csup\u00e1n eml\u00e9keztet r\u00e1, hogy a t\u00e9l sem \u00f6r\u00f6k.rn &nbsp;<\/p>\n","protected":false},"author":2,"featured_media":0,"comment_status":"closed","ping_status":"closed","sticky":false,"template":"","format":"standard","meta":[],"categories":[6],"tags":[],"_links":{"self":[{"href":"http:\/\/archiv.szolnoktv.hu\/index.php?rest_route=\/wp\/v2\/posts\/3889"}],"collection":[{"href":"http:\/\/archiv.szolnoktv.hu\/index.php?rest_route=\/wp\/v2\/posts"}],"about":[{"href":"http:\/\/archiv.szolnoktv.hu\/index.php?rest_route=\/wp\/v2\/types\/post"}],"author":[{"embeddable":true,"href":"http:\/\/archiv.szolnoktv.hu\/index.php?rest_route=\/wp\/v2\/users\/2"}],"replies":[{"embeddable":true,"href":"http:\/\/archiv.szolnoktv.hu\/index.php?rest_route=%2Fwp%2Fv2%2Fcomments&post=3889"}],"version-history":[{"count":1,"href":"http:\/\/archiv.szolnoktv.hu\/index.php?rest_route=\/wp\/v2\/posts\/3889\/revisions"}],"predecessor-version":[{"id":3996,"href":"http:\/\/archiv.szolnoktv.hu\/index.php?rest_route=\/wp\/v2\/posts\/3889\/revisions\/3996"}],"wp:attachment":[{"href":"http:\/\/archiv.szolnoktv.hu\/index.php?rest_route=%2Fwp%2Fv2%2Fmedia&parent=3889"}],"wp:term":[{"taxonomy":"category","embeddable":true,"href":"http:\/\/archiv.szolnoktv.hu\/index.php?rest_route=%2Fwp%2Fv2%2Fcategories&post=3889"},{"taxonomy":"post_tag","embeddable":true,"href":"http:\/\/archiv.szolnoktv.hu\/index.php?rest_route=%2Fwp%2Fv2%2Ftags&post=3889"}],"curies":[{"name":"wp","href":"https:\/\/api.w.org\/{rel}","templated":true}]}}