{"id":3883,"date":"2021-01-26T18:57:10","date_gmt":"2021-01-26T18:57:10","guid":{"rendered":"http:\/\/archiv.szolnoktv.hu\/?p=3883"},"modified":"2021-08-02T18:08:53","modified_gmt":"2021-08-02T18:08:53","slug":"az-idoseket-oltjak-elobb","status":"publish","type":"post","link":"http:\/\/archiv.szolnoktv.hu\/?p=3883","title":{"rendered":"Az id\u0151seket oltj\u00e1k el\u0151bb"},"content":{"rendered":"<div class='booster-block booster-read-block'><\/div><p>V\u00e9lhet\u0151en a 89 \u00e9ven fel\u00fcliekkel kezd\u0151dhet meg a lakoss\u00e1g covid 19 elleni olt\u00e1sa. Ez ak\u00e1r m\u00e1r febru\u00e1rban megt\u00f6rt\u00e9nhet. rn <br \/> &nbsp;<div style=\"width: 640px;\" class=\"wp-video\"><!--[if lt IE 9]><script>document.createElement('video');<\/script><![endif]-->\n<video class=\"wp-video-shortcode\" id=\"video-3883-1\" width=\"640\" height=\"360\" preload=\"metadata\" controls=\"controls\"><source type=\"video\/mp4\" src=\"\/spots\/hir\/hir_210126_02.mp4?_=1\" \/><a href=\"\/spots\/hir\/hir_210126_02.mp4\">\/spots\/hir\/hir_210126_02.mp4<\/a><\/video><\/div><\/p>\n","protected":false},"excerpt":{"rendered":"<p>V\u00e9lhet\u0151en a 89 \u00e9ven fel\u00fcliekkel kezd\u0151dhet meg a lakoss\u00e1g covid 19 elleni olt\u00e1sa. Ez ak\u00e1r m\u00e1r febru\u00e1rban megt\u00f6rt\u00e9nhet. rn &nbsp;<\/p>\n","protected":false},"author":2,"featured_media":0,"comment_status":"closed","ping_status":"closed","sticky":false,"template":"","format":"standard","meta":[],"categories":[6],"tags":[],"_links":{"self":[{"href":"http:\/\/archiv.szolnoktv.hu\/index.php?rest_route=\/wp\/v2\/posts\/3883"}],"collection":[{"href":"http:\/\/archiv.szolnoktv.hu\/index.php?rest_route=\/wp\/v2\/posts"}],"about":[{"href":"http:\/\/archiv.szolnoktv.hu\/index.php?rest_route=\/wp\/v2\/types\/post"}],"author":[{"embeddable":true,"href":"http:\/\/archiv.szolnoktv.hu\/index.php?rest_route=\/wp\/v2\/users\/2"}],"replies":[{"embeddable":true,"href":"http:\/\/archiv.szolnoktv.hu\/index.php?rest_route=%2Fwp%2Fv2%2Fcomments&post=3883"}],"version-history":[{"count":1,"href":"http:\/\/archiv.szolnoktv.hu\/index.php?rest_route=\/wp\/v2\/posts\/3883\/revisions"}],"predecessor-version":[{"id":4002,"href":"http:\/\/archiv.szolnoktv.hu\/index.php?rest_route=\/wp\/v2\/posts\/3883\/revisions\/4002"}],"wp:attachment":[{"href":"http:\/\/archiv.szolnoktv.hu\/index.php?rest_route=%2Fwp%2Fv2%2Fmedia&parent=3883"}],"wp:term":[{"taxonomy":"category","embeddable":true,"href":"http:\/\/archiv.szolnoktv.hu\/index.php?rest_route=%2Fwp%2Fv2%2Fcategories&post=3883"},{"taxonomy":"post_tag","embeddable":true,"href":"http:\/\/archiv.szolnoktv.hu\/index.php?rest_route=%2Fwp%2Fv2%2Ftags&post=3883"}],"curies":[{"name":"wp","href":"https:\/\/api.w.org\/{rel}","templated":true}]}}