{"id":3881,"date":"2021-01-26T18:38:19","date_gmt":"2021-01-26T18:38:19","guid":{"rendered":"http:\/\/archiv.szolnoktv.hu\/?p=3881"},"modified":"2021-08-02T18:09:09","modified_gmt":"2021-08-02T18:09:09","slug":"biztonsagosabban","status":"publish","type":"post","link":"http:\/\/archiv.szolnoktv.hu\/?p=3881","title":{"rendered":"Biztons\u00e1gosabban"},"content":{"rendered":"<div class='booster-block booster-read-block'><\/div><p>\u00dajabb jelz\u0151l\u00e1mpa a Sz\u00e9chenyi k\u00f6r\u00faton. Az id\u00e9n elk\u00e9sz\u00fclhet a Sz\u00e9chenyi lak\u00f3telep 4-ik, k\u00f6zleked\u00e9st seg\u00edt\u0151 rend\u0151rl\u00e1mp\u00e1ja, az Aranyi S\u00e1ndor \u00e9s Karczag L\u00e1szl\u00f3 utak, valamint a Sz\u00e9chenyi k\u00f6r\u00fat tal\u00e1lkoz\u00e1s\u00e1n\u00e1l. A beruh\u00e1z\u00e1s el\u0151k\u00e9sz\u00fcleti munk\u00e1latai elkezd\u0151dtek, a sz\u00fcks\u00e9ges anyagi forr\u00e1st a 2020. \u00e9v v\u00e9g\u00e9n a v\u00e1roshoz \u00e9rkezett infrastrukt\u00fara fejleszt\u00e9s\u00e9re kapott \u00f6sszegb\u0151l fedezik.rn <br \/> &nbsp;<div style=\"width: 640px;\" class=\"wp-video\"><!--[if lt IE 9]><script>document.createElement('video');<\/script><![endif]-->\n<video class=\"wp-video-shortcode\" id=\"video-3881-1\" width=\"640\" height=\"360\" preload=\"metadata\" controls=\"controls\"><source type=\"video\/mp4\" src=\"\/spots\/hir\/hir_210126_03.mp4?_=1\" \/><a href=\"\/spots\/hir\/hir_210126_03.mp4\">\/spots\/hir\/hir_210126_03.mp4<\/a><\/video><\/div><\/p>\n","protected":false},"excerpt":{"rendered":"<p>\u00dajabb jelz\u0151l\u00e1mpa a Sz\u00e9chenyi k\u00f6r\u00faton. Az id\u00e9n elk\u00e9sz\u00fclhet a Sz\u00e9chenyi lak\u00f3telep 4-ik, k\u00f6zleked\u00e9st seg\u00edt\u0151 rend\u0151rl\u00e1mp\u00e1ja, az Aranyi S\u00e1ndor \u00e9s Karczag L\u00e1szl\u00f3 utak, valamint a Sz\u00e9chenyi k\u00f6r\u00fat tal\u00e1lkoz\u00e1s\u00e1n\u00e1l. A beruh\u00e1z\u00e1s el\u0151k\u00e9sz\u00fcleti munk\u00e1latai elkezd\u0151dtek, a sz\u00fcks\u00e9ges anyagi forr\u00e1st a 2020. \u00e9v v\u00e9g\u00e9n a v\u00e1roshoz \u00e9rkezett infrastrukt\u00fara fejleszt\u00e9s\u00e9re kapott \u00f6sszegb\u0151l fedezik.rn &nbsp;<\/p>\n","protected":false},"author":2,"featured_media":0,"comment_status":"closed","ping_status":"closed","sticky":false,"template":"","format":"standard","meta":[],"categories":[6],"tags":[],"_links":{"self":[{"href":"http:\/\/archiv.szolnoktv.hu\/index.php?rest_route=\/wp\/v2\/posts\/3881"}],"collection":[{"href":"http:\/\/archiv.szolnoktv.hu\/index.php?rest_route=\/wp\/v2\/posts"}],"about":[{"href":"http:\/\/archiv.szolnoktv.hu\/index.php?rest_route=\/wp\/v2\/types\/post"}],"author":[{"embeddable":true,"href":"http:\/\/archiv.szolnoktv.hu\/index.php?rest_route=\/wp\/v2\/users\/2"}],"replies":[{"embeddable":true,"href":"http:\/\/archiv.szolnoktv.hu\/index.php?rest_route=%2Fwp%2Fv2%2Fcomments&post=3881"}],"version-history":[{"count":1,"href":"http:\/\/archiv.szolnoktv.hu\/index.php?rest_route=\/wp\/v2\/posts\/3881\/revisions"}],"predecessor-version":[{"id":4004,"href":"http:\/\/archiv.szolnoktv.hu\/index.php?rest_route=\/wp\/v2\/posts\/3881\/revisions\/4004"}],"wp:attachment":[{"href":"http:\/\/archiv.szolnoktv.hu\/index.php?rest_route=%2Fwp%2Fv2%2Fmedia&parent=3881"}],"wp:term":[{"taxonomy":"category","embeddable":true,"href":"http:\/\/archiv.szolnoktv.hu\/index.php?rest_route=%2Fwp%2Fv2%2Fcategories&post=3881"},{"taxonomy":"post_tag","embeddable":true,"href":"http:\/\/archiv.szolnoktv.hu\/index.php?rest_route=%2Fwp%2Fv2%2Ftags&post=3881"}],"curies":[{"name":"wp","href":"https:\/\/api.w.org\/{rel}","templated":true}]}}