{"id":3875,"date":"2021-01-25T17:24:21","date_gmt":"2021-01-25T17:24:21","guid":{"rendered":"http:\/\/archiv.szolnoktv.hu\/?p=3875"},"modified":"2021-08-02T18:09:11","modified_gmt":"2021-08-02T18:09:11","slug":"futsal","status":"publish","type":"post","link":"http:\/\/archiv.szolnoktv.hu\/?p=3875","title":{"rendered":"Futsal"},"content":{"rendered":"<div class='booster-block booster-read-block'><\/div><p>Izgalmas m\u00e9rk\u0151z\u00e9sekkel, v\u00e1rt eredm\u00e9ny sz\u00fcletett az \u00e9v els\u0151 szolnoki futsal felk\u00e9sz\u00fcl\u00e9si torn\u00e1j\u00e1n. A Sportcentrum megh\u00edv\u00e1s\u00e1ra 6 k\u00f6rny\u00e9kbeli csapat l\u00e9pett p\u00e1ly\u00e1ra. Az izgalmas d\u00f6nt\u0151ben v\u00e9g\u00fcl b\u00fcntet\u0151kkel a cegl\u00e9diek bizonyultak jobbnak. <br \/> &nbsp;<div style=\"width: 640px;\" class=\"wp-video\"><!--[if lt IE 9]><script>document.createElement('video');<\/script><![endif]-->\n<video class=\"wp-video-shortcode\" id=\"video-3875-1\" width=\"640\" height=\"360\" preload=\"metadata\" controls=\"controls\"><source type=\"video\/mp4\" src=\"\/spots\/hir\/hir_210125_02.mp4?_=1\" \/><a href=\"\/spots\/hir\/hir_210125_02.mp4\">\/spots\/hir\/hir_210125_02.mp4<\/a><\/video><\/div><\/p>\n","protected":false},"excerpt":{"rendered":"<p>Izgalmas m\u00e9rk\u0151z\u00e9sekkel, v\u00e1rt eredm\u00e9ny sz\u00fcletett az \u00e9v els\u0151 szolnoki futsal felk\u00e9sz\u00fcl\u00e9si torn\u00e1j\u00e1n. A Sportcentrum megh\u00edv\u00e1s\u00e1ra 6 k\u00f6rny\u00e9kbeli csapat l\u00e9pett p\u00e1ly\u00e1ra. Az izgalmas d\u00f6nt\u0151ben v\u00e9g\u00fcl b\u00fcntet\u0151kkel a cegl\u00e9diek bizonyultak jobbnak. &nbsp;<\/p>\n","protected":false},"author":2,"featured_media":0,"comment_status":"closed","ping_status":"closed","sticky":false,"template":"","format":"standard","meta":[],"categories":[6],"tags":[],"_links":{"self":[{"href":"http:\/\/archiv.szolnoktv.hu\/index.php?rest_route=\/wp\/v2\/posts\/3875"}],"collection":[{"href":"http:\/\/archiv.szolnoktv.hu\/index.php?rest_route=\/wp\/v2\/posts"}],"about":[{"href":"http:\/\/archiv.szolnoktv.hu\/index.php?rest_route=\/wp\/v2\/types\/post"}],"author":[{"embeddable":true,"href":"http:\/\/archiv.szolnoktv.hu\/index.php?rest_route=\/wp\/v2\/users\/2"}],"replies":[{"embeddable":true,"href":"http:\/\/archiv.szolnoktv.hu\/index.php?rest_route=%2Fwp%2Fv2%2Fcomments&post=3875"}],"version-history":[{"count":1,"href":"http:\/\/archiv.szolnoktv.hu\/index.php?rest_route=\/wp\/v2\/posts\/3875\/revisions"}],"predecessor-version":[{"id":4010,"href":"http:\/\/archiv.szolnoktv.hu\/index.php?rest_route=\/wp\/v2\/posts\/3875\/revisions\/4010"}],"wp:attachment":[{"href":"http:\/\/archiv.szolnoktv.hu\/index.php?rest_route=%2Fwp%2Fv2%2Fmedia&parent=3875"}],"wp:term":[{"taxonomy":"category","embeddable":true,"href":"http:\/\/archiv.szolnoktv.hu\/index.php?rest_route=%2Fwp%2Fv2%2Fcategories&post=3875"},{"taxonomy":"post_tag","embeddable":true,"href":"http:\/\/archiv.szolnoktv.hu\/index.php?rest_route=%2Fwp%2Fv2%2Ftags&post=3875"}],"curies":[{"name":"wp","href":"https:\/\/api.w.org\/{rel}","templated":true}]}}