{"id":3874,"date":"2021-01-25T17:15:35","date_gmt":"2021-01-25T17:15:35","guid":{"rendered":"http:\/\/archiv.szolnoktv.hu\/?p=3874"},"modified":"2021-08-02T18:09:11","modified_gmt":"2021-08-02T18:09:11","slug":"atoltottsag-kell-a-korlatozasok-enyhitesehez","status":"publish","type":"post","link":"http:\/\/archiv.szolnoktv.hu\/?p=3874","title":{"rendered":"\u00c1toltotts\u00e1g kell a korl\u00e1toz\u00e1sok enyh\u00edt\u00e9s\u00e9hez"},"content":{"rendered":"<div class='booster-block booster-read-block'><\/div><p>Javulnak a j\u00e1rv\u00e1ny\u00fcgyi adatok: egyre kevesebben kapj\u00e1k el a koronav\u00edrus-fert\u0151z\u00e9st, \u00e9s kevesebben szorulnak k\u00f3rh\u00e1zi ell\u00e1t\u00e1sra is. Lakoss\u00e1gar\u00e1nyosan ugyanakkor m\u00e9g nagyon kevesen vett\u00e9k, vehett\u00e9k fel az olt\u00e1st, ez\u00e9rt a korl\u00e1toz\u00e1sok laz\u00edt\u00e1s\u00e1r\u00f3l m\u00e9g korai besz\u00e9lni. Egyebek mellett err\u0151l is besz\u00e9lt p\u00e9nteki r\u00e1di\u00f3interj\u00faj\u00e1ban a minisztereln\u00f6k.  <br \/> &nbsp;<div style=\"width: 640px;\" class=\"wp-video\"><!--[if lt IE 9]><script>document.createElement('video');<\/script><![endif]-->\n<video class=\"wp-video-shortcode\" id=\"video-3874-1\" width=\"640\" height=\"360\" preload=\"metadata\" controls=\"controls\"><source type=\"video\/mp4\" src=\"\/spots\/hir\/hir_210125_04.mp4?_=1\" \/><a href=\"\/spots\/hir\/hir_210125_04.mp4\">\/spots\/hir\/hir_210125_04.mp4<\/a><\/video><\/div><\/p>\n","protected":false},"excerpt":{"rendered":"<p>Javulnak a j\u00e1rv\u00e1ny\u00fcgyi adatok: egyre kevesebben kapj\u00e1k el a koronav\u00edrus-fert\u0151z\u00e9st, \u00e9s kevesebben szorulnak k\u00f3rh\u00e1zi ell\u00e1t\u00e1sra is. Lakoss\u00e1gar\u00e1nyosan ugyanakkor m\u00e9g nagyon kevesen vett\u00e9k, vehett\u00e9k fel az olt\u00e1st, ez\u00e9rt a korl\u00e1toz\u00e1sok laz\u00edt\u00e1s\u00e1r\u00f3l m\u00e9g korai besz\u00e9lni. Egyebek mellett err\u0151l is besz\u00e9lt p\u00e9nteki r\u00e1di\u00f3interj\u00faj\u00e1ban a minisztereln\u00f6k. &nbsp;<\/p>\n","protected":false},"author":2,"featured_media":0,"comment_status":"closed","ping_status":"closed","sticky":false,"template":"","format":"standard","meta":[],"categories":[6],"tags":[],"_links":{"self":[{"href":"http:\/\/archiv.szolnoktv.hu\/index.php?rest_route=\/wp\/v2\/posts\/3874"}],"collection":[{"href":"http:\/\/archiv.szolnoktv.hu\/index.php?rest_route=\/wp\/v2\/posts"}],"about":[{"href":"http:\/\/archiv.szolnoktv.hu\/index.php?rest_route=\/wp\/v2\/types\/post"}],"author":[{"embeddable":true,"href":"http:\/\/archiv.szolnoktv.hu\/index.php?rest_route=\/wp\/v2\/users\/2"}],"replies":[{"embeddable":true,"href":"http:\/\/archiv.szolnoktv.hu\/index.php?rest_route=%2Fwp%2Fv2%2Fcomments&post=3874"}],"version-history":[{"count":1,"href":"http:\/\/archiv.szolnoktv.hu\/index.php?rest_route=\/wp\/v2\/posts\/3874\/revisions"}],"predecessor-version":[{"id":4011,"href":"http:\/\/archiv.szolnoktv.hu\/index.php?rest_route=\/wp\/v2\/posts\/3874\/revisions\/4011"}],"wp:attachment":[{"href":"http:\/\/archiv.szolnoktv.hu\/index.php?rest_route=%2Fwp%2Fv2%2Fmedia&parent=3874"}],"wp:term":[{"taxonomy":"category","embeddable":true,"href":"http:\/\/archiv.szolnoktv.hu\/index.php?rest_route=%2Fwp%2Fv2%2Fcategories&post=3874"},{"taxonomy":"post_tag","embeddable":true,"href":"http:\/\/archiv.szolnoktv.hu\/index.php?rest_route=%2Fwp%2Fv2%2Ftags&post=3874"}],"curies":[{"name":"wp","href":"https:\/\/api.w.org\/{rel}","templated":true}]}}