{"id":3873,"date":"2021-01-25T17:09:16","date_gmt":"2021-01-25T17:09:16","guid":{"rendered":"http:\/\/archiv.szolnoktv.hu\/?p=3873"},"modified":"2021-08-02T18:09:12","modified_gmt":"2021-08-02T18:09:12","slug":"szokatlanul-nehez-volt-a-magyar","status":"publish","type":"post","link":"http:\/\/archiv.szolnoktv.hu\/?p=3873","title":{"rendered":"Szokatlanul neh\u00e9z volt a magyar"},"content":{"rendered":"<div class='booster-block booster-read-block'><\/div><p>M\u00e1sra sz\u00e1m\u00edtottak. Le\u00edr\u00f3 nyelvtan, \u00e9s toldal\u00e9kok helyett rejtv\u00e9ny valamint  sz\u00f3j\u00e1t\u00e9k. Erre pedig kev\u00e9s id\u0151. Ez jellemezte az idei magyar \u00edr\u00e1sbeli felv\u00e9telit. A legt\u00f6bb tan\u00e1r szerint szokatlanul neh\u00e9z volt a magyar, ez\u00e9rt t\u00f6bbs\u00e9g\u00e9ben csup\u00e1n 10-20 pontra sz\u00e1m\u00edtanak, m\u00edg a matematika eredm\u00e9nye  20-30 pont k\u00f6r\u00fcl v\u00e1rhat\u00f3 \u00e1tlagosan.  <br \/> &nbsp;<div style=\"width: 640px;\" class=\"wp-video\"><!--[if lt IE 9]><script>document.createElement('video');<\/script><![endif]-->\n<video class=\"wp-video-shortcode\" id=\"video-3873-1\" width=\"640\" height=\"360\" preload=\"metadata\" controls=\"controls\"><source type=\"video\/mp4\" src=\"\/spots\/hir\/hir_210125_06.mp4?_=1\" \/><a href=\"\/spots\/hir\/hir_210125_06.mp4\">\/spots\/hir\/hir_210125_06.mp4<\/a><\/video><\/div><\/p>\n","protected":false},"excerpt":{"rendered":"<p>M\u00e1sra sz\u00e1m\u00edtottak. Le\u00edr\u00f3 nyelvtan, \u00e9s toldal\u00e9kok helyett rejtv\u00e9ny valamint sz\u00f3j\u00e1t\u00e9k. Erre pedig kev\u00e9s id\u0151. Ez jellemezte az idei magyar \u00edr\u00e1sbeli felv\u00e9telit. A legt\u00f6bb tan\u00e1r szerint szokatlanul neh\u00e9z volt a magyar, ez\u00e9rt t\u00f6bbs\u00e9g\u00e9ben csup\u00e1n 10-20 pontra sz\u00e1m\u00edtanak, m\u00edg a matematika eredm\u00e9nye 20-30 pont k\u00f6r\u00fcl v\u00e1rhat\u00f3 \u00e1tlagosan. &nbsp;<\/p>\n","protected":false},"author":2,"featured_media":0,"comment_status":"closed","ping_status":"closed","sticky":false,"template":"","format":"standard","meta":[],"categories":[6],"tags":[],"_links":{"self":[{"href":"http:\/\/archiv.szolnoktv.hu\/index.php?rest_route=\/wp\/v2\/posts\/3873"}],"collection":[{"href":"http:\/\/archiv.szolnoktv.hu\/index.php?rest_route=\/wp\/v2\/posts"}],"about":[{"href":"http:\/\/archiv.szolnoktv.hu\/index.php?rest_route=\/wp\/v2\/types\/post"}],"author":[{"embeddable":true,"href":"http:\/\/archiv.szolnoktv.hu\/index.php?rest_route=\/wp\/v2\/users\/2"}],"replies":[{"embeddable":true,"href":"http:\/\/archiv.szolnoktv.hu\/index.php?rest_route=%2Fwp%2Fv2%2Fcomments&post=3873"}],"version-history":[{"count":1,"href":"http:\/\/archiv.szolnoktv.hu\/index.php?rest_route=\/wp\/v2\/posts\/3873\/revisions"}],"predecessor-version":[{"id":4012,"href":"http:\/\/archiv.szolnoktv.hu\/index.php?rest_route=\/wp\/v2\/posts\/3873\/revisions\/4012"}],"wp:attachment":[{"href":"http:\/\/archiv.szolnoktv.hu\/index.php?rest_route=%2Fwp%2Fv2%2Fmedia&parent=3873"}],"wp:term":[{"taxonomy":"category","embeddable":true,"href":"http:\/\/archiv.szolnoktv.hu\/index.php?rest_route=%2Fwp%2Fv2%2Fcategories&post=3873"},{"taxonomy":"post_tag","embeddable":true,"href":"http:\/\/archiv.szolnoktv.hu\/index.php?rest_route=%2Fwp%2Fv2%2Ftags&post=3873"}],"curies":[{"name":"wp","href":"https:\/\/api.w.org\/{rel}","templated":true}]}}