{"id":3872,"date":"2021-01-25T17:02:46","date_gmt":"2021-01-25T17:02:46","guid":{"rendered":"http:\/\/archiv.szolnoktv.hu\/?p=3872"},"modified":"2021-08-02T18:09:12","modified_gmt":"2021-08-02T18:09:12","slug":"havazasbol-latyak","status":"publish","type":"post","link":"http:\/\/archiv.szolnoktv.hu\/?p=3872","title":{"rendered":"Havaz\u00e1sb\u00f3l latyak"},"content":{"rendered":"<div class='booster-block booster-read-block'><\/div><p>Intenz\u00edv havaz\u00e1st j\u00f3soltak a meteorol\u00f3gusok m\u00falt \u00e9jszak\u00e1ra, ami nem is maradt el, 9 mm k\u00f6r\u00fcli csapad\u00e9k hullott t\u00e9rs\u00e9g\u00fcnkben. A valamivel nulla fok feletti h\u0151m\u00e9rs\u00e9klet miatt azonban feh\u00e9r h\u00f3takar\u00f3 helyett latyak fogadta reggel a belv\u00e1rosban \u00e9l\u0151ket. <br \/> &nbsp;<div style=\"width: 640px;\" class=\"wp-video\"><!--[if lt IE 9]><script>document.createElement('video');<\/script><![endif]-->\n<video class=\"wp-video-shortcode\" id=\"video-3872-1\" width=\"640\" height=\"360\" preload=\"metadata\" controls=\"controls\"><source type=\"video\/mp4\" src=\"\/spots\/hir\/hir_210125_07.mp4?_=1\" \/><a href=\"\/spots\/hir\/hir_210125_07.mp4\">\/spots\/hir\/hir_210125_07.mp4<\/a><\/video><\/div><\/p>\n","protected":false},"excerpt":{"rendered":"<p>Intenz\u00edv havaz\u00e1st j\u00f3soltak a meteorol\u00f3gusok m\u00falt \u00e9jszak\u00e1ra, ami nem is maradt el, 9 mm k\u00f6r\u00fcli csapad\u00e9k hullott t\u00e9rs\u00e9g\u00fcnkben. A valamivel nulla fok feletti h\u0151m\u00e9rs\u00e9klet miatt azonban feh\u00e9r h\u00f3takar\u00f3 helyett latyak fogadta reggel a belv\u00e1rosban \u00e9l\u0151ket. &nbsp;<\/p>\n","protected":false},"author":2,"featured_media":0,"comment_status":"closed","ping_status":"closed","sticky":false,"template":"","format":"standard","meta":[],"categories":[6],"tags":[],"_links":{"self":[{"href":"http:\/\/archiv.szolnoktv.hu\/index.php?rest_route=\/wp\/v2\/posts\/3872"}],"collection":[{"href":"http:\/\/archiv.szolnoktv.hu\/index.php?rest_route=\/wp\/v2\/posts"}],"about":[{"href":"http:\/\/archiv.szolnoktv.hu\/index.php?rest_route=\/wp\/v2\/types\/post"}],"author":[{"embeddable":true,"href":"http:\/\/archiv.szolnoktv.hu\/index.php?rest_route=\/wp\/v2\/users\/2"}],"replies":[{"embeddable":true,"href":"http:\/\/archiv.szolnoktv.hu\/index.php?rest_route=%2Fwp%2Fv2%2Fcomments&post=3872"}],"version-history":[{"count":1,"href":"http:\/\/archiv.szolnoktv.hu\/index.php?rest_route=\/wp\/v2\/posts\/3872\/revisions"}],"predecessor-version":[{"id":4013,"href":"http:\/\/archiv.szolnoktv.hu\/index.php?rest_route=\/wp\/v2\/posts\/3872\/revisions\/4013"}],"wp:attachment":[{"href":"http:\/\/archiv.szolnoktv.hu\/index.php?rest_route=%2Fwp%2Fv2%2Fmedia&parent=3872"}],"wp:term":[{"taxonomy":"category","embeddable":true,"href":"http:\/\/archiv.szolnoktv.hu\/index.php?rest_route=%2Fwp%2Fv2%2Fcategories&post=3872"},{"taxonomy":"post_tag","embeddable":true,"href":"http:\/\/archiv.szolnoktv.hu\/index.php?rest_route=%2Fwp%2Fv2%2Ftags&post=3872"}],"curies":[{"name":"wp","href":"https:\/\/api.w.org\/{rel}","templated":true}]}}