{"id":3870,"date":"2021-01-25T16:49:49","date_gmt":"2021-01-25T16:49:49","guid":{"rendered":"http:\/\/archiv.szolnoktv.hu\/?p=3870"},"modified":"2021-08-02T18:09:13","modified_gmt":"2021-08-02T18:09:13","slug":"koncert-kamerak-elott","status":"publish","type":"post","link":"http:\/\/archiv.szolnoktv.hu\/?p=3870","title":{"rendered":"Koncert kamer\u00e1k el\u0151tt"},"content":{"rendered":"<div class='booster-block booster-read-block'><\/div><p>Egy h\u00e9t m\u00falva, febru\u00e1r 1-j\u00e9n l\u00e1thatja \u00e9s hallhatja el\u0151sz\u00f6r a k\u00f6z\u00f6ns\u00e9g a Szolnoki Szimfonikus Zenekar \u00faj koncertj\u00e9t a Szolnok Telev\u00edzi\u00f3ban. A h\u00e9tv\u00e9g\u00e9n r\u00f6gz\u00edtett Mozart D-ben c\u00edm\u0171 el\u0151ad\u00e1st t\u00f6bb telev\u00edzi\u00f3s felv\u00e9tel is k\u00f6vetheti majd a j\u00f6v\u0151ben. A j\u00e1rv\u00e1ny\u00fcgyi korl\u00e1toz\u00e1sok felold\u00e1s\u00e1ig ez az egyetlen m\u00f3dja annak, hogy a tervezett koncertek eljussanak a komolyzene kedvel\u0151ihez.       <br \/> &nbsp;<div style=\"width: 640px;\" class=\"wp-video\"><!--[if lt IE 9]><script>document.createElement('video');<\/script><![endif]-->\n<video class=\"wp-video-shortcode\" id=\"video-3870-1\" width=\"640\" height=\"360\" preload=\"metadata\" controls=\"controls\"><source type=\"video\/mp4\" src=\"\/spots\/hir\/hir_210125_01.mp4?_=1\" \/><a href=\"\/spots\/hir\/hir_210125_01.mp4\">\/spots\/hir\/hir_210125_01.mp4<\/a><\/video><\/div><\/p>\n","protected":false},"excerpt":{"rendered":"<p>Egy h\u00e9t m\u00falva, febru\u00e1r 1-j\u00e9n l\u00e1thatja \u00e9s hallhatja el\u0151sz\u00f6r a k\u00f6z\u00f6ns\u00e9g a Szolnoki Szimfonikus Zenekar \u00faj koncertj\u00e9t a Szolnok Telev\u00edzi\u00f3ban. A h\u00e9tv\u00e9g\u00e9n r\u00f6gz\u00edtett Mozart D-ben c\u00edm\u0171 el\u0151ad\u00e1st t\u00f6bb telev\u00edzi\u00f3s felv\u00e9tel is k\u00f6vetheti majd a j\u00f6v\u0151ben. A j\u00e1rv\u00e1ny\u00fcgyi korl\u00e1toz\u00e1sok felold\u00e1s\u00e1ig ez az egyetlen m\u00f3dja annak, hogy a tervezett koncertek eljussanak a komolyzene kedvel\u0151ihez. &nbsp;<\/p>\n","protected":false},"author":2,"featured_media":0,"comment_status":"closed","ping_status":"closed","sticky":false,"template":"","format":"standard","meta":[],"categories":[6],"tags":[],"_links":{"self":[{"href":"http:\/\/archiv.szolnoktv.hu\/index.php?rest_route=\/wp\/v2\/posts\/3870"}],"collection":[{"href":"http:\/\/archiv.szolnoktv.hu\/index.php?rest_route=\/wp\/v2\/posts"}],"about":[{"href":"http:\/\/archiv.szolnoktv.hu\/index.php?rest_route=\/wp\/v2\/types\/post"}],"author":[{"embeddable":true,"href":"http:\/\/archiv.szolnoktv.hu\/index.php?rest_route=\/wp\/v2\/users\/2"}],"replies":[{"embeddable":true,"href":"http:\/\/archiv.szolnoktv.hu\/index.php?rest_route=%2Fwp%2Fv2%2Fcomments&post=3870"}],"version-history":[{"count":1,"href":"http:\/\/archiv.szolnoktv.hu\/index.php?rest_route=\/wp\/v2\/posts\/3870\/revisions"}],"predecessor-version":[{"id":4015,"href":"http:\/\/archiv.szolnoktv.hu\/index.php?rest_route=\/wp\/v2\/posts\/3870\/revisions\/4015"}],"wp:attachment":[{"href":"http:\/\/archiv.szolnoktv.hu\/index.php?rest_route=%2Fwp%2Fv2%2Fmedia&parent=3870"}],"wp:term":[{"taxonomy":"category","embeddable":true,"href":"http:\/\/archiv.szolnoktv.hu\/index.php?rest_route=%2Fwp%2Fv2%2Fcategories&post=3870"},{"taxonomy":"post_tag","embeddable":true,"href":"http:\/\/archiv.szolnoktv.hu\/index.php?rest_route=%2Fwp%2Fv2%2Ftags&post=3870"}],"curies":[{"name":"wp","href":"https:\/\/api.w.org\/{rel}","templated":true}]}}