{"id":3869,"date":"2021-01-25T16:43:13","date_gmt":"2021-01-25T16:43:13","guid":{"rendered":"http:\/\/archiv.szolnoktv.hu\/?p=3869"},"modified":"2021-08-02T18:09:13","modified_gmt":"2021-08-02T18:09:13","slug":"szolnokon-szuletett-eger-diszpolgara","status":"publish","type":"post","link":"http:\/\/archiv.szolnoktv.hu\/?p=3869","title":{"rendered":"Szolnokon sz\u00fcletett Eger d\u00edszpolg\u00e1ra"},"content":{"rendered":"<div class='booster-block booster-read-block'><\/div><p>Posztumusz d\u00edszpolg\u00e1ri c\u00edmet kapott Egert\u0151l a Dob\u00f3 Istv\u00e1n v\u00e1rkapit\u00e1nyt is alak\u00edt\u00f3 szolnoki sz\u00fclet\u00e9s\u0171 sz\u00edn\u00e9sz- Kelemen Csaba. A hatvan\u00f6t \u00e9ves kor\u00e1ban 2020 okt\u00f3ber 26- \u00e1n koronav\u00edrus fert\u0151z\u00e9sben elhunyt sz\u00ednm\u0171v\u00e9sz t\u00f6bb n\u00e9pszer\u0171 t\u00e9v\u00e9filmben is szerepelt.rn <br \/> &nbsp;<div style=\"width: 640px;\" class=\"wp-video\"><!--[if lt IE 9]><script>document.createElement('video');<\/script><![endif]-->\n<video class=\"wp-video-shortcode\" id=\"video-3869-1\" width=\"640\" height=\"360\" preload=\"metadata\" controls=\"controls\"><source type=\"video\/mp4\" src=\"\/spots\/hir\/hir_210125_05.mp4?_=1\" \/><a href=\"\/spots\/hir\/hir_210125_05.mp4\">\/spots\/hir\/hir_210125_05.mp4<\/a><\/video><\/div><\/p>\n","protected":false},"excerpt":{"rendered":"<p>Posztumusz d\u00edszpolg\u00e1ri c\u00edmet kapott Egert\u0151l a Dob\u00f3 Istv\u00e1n v\u00e1rkapit\u00e1nyt is alak\u00edt\u00f3 szolnoki sz\u00fclet\u00e9s\u0171 sz\u00edn\u00e9sz- Kelemen Csaba. A hatvan\u00f6t \u00e9ves kor\u00e1ban 2020 okt\u00f3ber 26- \u00e1n koronav\u00edrus fert\u0151z\u00e9sben elhunyt sz\u00ednm\u0171v\u00e9sz t\u00f6bb n\u00e9pszer\u0171 t\u00e9v\u00e9filmben is szerepelt.rn &nbsp;<\/p>\n","protected":false},"author":2,"featured_media":0,"comment_status":"closed","ping_status":"closed","sticky":false,"template":"","format":"standard","meta":[],"categories":[6],"tags":[],"_links":{"self":[{"href":"http:\/\/archiv.szolnoktv.hu\/index.php?rest_route=\/wp\/v2\/posts\/3869"}],"collection":[{"href":"http:\/\/archiv.szolnoktv.hu\/index.php?rest_route=\/wp\/v2\/posts"}],"about":[{"href":"http:\/\/archiv.szolnoktv.hu\/index.php?rest_route=\/wp\/v2\/types\/post"}],"author":[{"embeddable":true,"href":"http:\/\/archiv.szolnoktv.hu\/index.php?rest_route=\/wp\/v2\/users\/2"}],"replies":[{"embeddable":true,"href":"http:\/\/archiv.szolnoktv.hu\/index.php?rest_route=%2Fwp%2Fv2%2Fcomments&post=3869"}],"version-history":[{"count":1,"href":"http:\/\/archiv.szolnoktv.hu\/index.php?rest_route=\/wp\/v2\/posts\/3869\/revisions"}],"predecessor-version":[{"id":4016,"href":"http:\/\/archiv.szolnoktv.hu\/index.php?rest_route=\/wp\/v2\/posts\/3869\/revisions\/4016"}],"wp:attachment":[{"href":"http:\/\/archiv.szolnoktv.hu\/index.php?rest_route=%2Fwp%2Fv2%2Fmedia&parent=3869"}],"wp:term":[{"taxonomy":"category","embeddable":true,"href":"http:\/\/archiv.szolnoktv.hu\/index.php?rest_route=%2Fwp%2Fv2%2Fcategories&post=3869"},{"taxonomy":"post_tag","embeddable":true,"href":"http:\/\/archiv.szolnoktv.hu\/index.php?rest_route=%2Fwp%2Fv2%2Ftags&post=3869"}],"curies":[{"name":"wp","href":"https:\/\/api.w.org\/{rel}","templated":true}]}}