{"id":3862,"date":"2021-01-22T18:35:47","date_gmt":"2021-01-22T18:35:47","guid":{"rendered":"http:\/\/archiv.szolnoktv.hu\/?p=3862"},"modified":"2021-08-02T18:10:04","modified_gmt":"2021-08-02T18:10:04","slug":"tragedia-tiszaszentimren","status":"publish","type":"post","link":"http:\/\/archiv.szolnoktv.hu\/?p=3862","title":{"rendered":"Trag\u00e9dia Tiszaszentimr\u00e9n"},"content":{"rendered":"<div class='booster-block booster-read-block'><\/div><p>T\u0171z \u00fct\u00f6tt ki a reggeli \u00f3r\u00e1kban egy tiszaszentimrei lak\u00f3h\u00e1zban. Az \u00e9p\u00fclet m\u00e1r teljes terjedelm\u00e9ben \u00e9gett amikor ki\u00e9rtek a tiszaf\u00fcredi \u00e9s a karcagi hivat\u00e1sos t\u0171zolt\u00f3k. A l\u00e1ngok megf\u00e9kez\u00e9se sikerrel j\u00e1rt, a bent tart\u00f3zkod\u00f3 szem\u00e9ly \u00e9let\u00e9t m\u00e1r nem tudt\u00e1k megmenteni. <br \/> &nbsp;<div style=\"width: 640px;\" class=\"wp-video\"><!--[if lt IE 9]><script>document.createElement('video');<\/script><![endif]-->\n<video class=\"wp-video-shortcode\" id=\"video-3862-1\" width=\"640\" height=\"360\" preload=\"metadata\" controls=\"controls\"><source type=\"video\/mp4\" src=\"\/spots\/hir\/hir_210122_07.mp4?_=1\" \/><a href=\"\/spots\/hir\/hir_210122_07.mp4\">\/spots\/hir\/hir_210122_07.mp4<\/a><\/video><\/div><\/p>\n","protected":false},"excerpt":{"rendered":"<p>T\u0171z \u00fct\u00f6tt ki a reggeli \u00f3r\u00e1kban egy tiszaszentimrei lak\u00f3h\u00e1zban. Az \u00e9p\u00fclet m\u00e1r teljes terjedelm\u00e9ben \u00e9gett amikor ki\u00e9rtek a tiszaf\u00fcredi \u00e9s a karcagi hivat\u00e1sos t\u0171zolt\u00f3k. A l\u00e1ngok megf\u00e9kez\u00e9se sikerrel j\u00e1rt, a bent tart\u00f3zkod\u00f3 szem\u00e9ly \u00e9let\u00e9t m\u00e1r nem tudt\u00e1k megmenteni. &nbsp;<\/p>\n","protected":false},"author":2,"featured_media":0,"comment_status":"closed","ping_status":"closed","sticky":false,"template":"","format":"standard","meta":[],"categories":[6],"tags":[],"_links":{"self":[{"href":"http:\/\/archiv.szolnoktv.hu\/index.php?rest_route=\/wp\/v2\/posts\/3862"}],"collection":[{"href":"http:\/\/archiv.szolnoktv.hu\/index.php?rest_route=\/wp\/v2\/posts"}],"about":[{"href":"http:\/\/archiv.szolnoktv.hu\/index.php?rest_route=\/wp\/v2\/types\/post"}],"author":[{"embeddable":true,"href":"http:\/\/archiv.szolnoktv.hu\/index.php?rest_route=\/wp\/v2\/users\/2"}],"replies":[{"embeddable":true,"href":"http:\/\/archiv.szolnoktv.hu\/index.php?rest_route=%2Fwp%2Fv2%2Fcomments&post=3862"}],"version-history":[{"count":1,"href":"http:\/\/archiv.szolnoktv.hu\/index.php?rest_route=\/wp\/v2\/posts\/3862\/revisions"}],"predecessor-version":[{"id":4023,"href":"http:\/\/archiv.szolnoktv.hu\/index.php?rest_route=\/wp\/v2\/posts\/3862\/revisions\/4023"}],"wp:attachment":[{"href":"http:\/\/archiv.szolnoktv.hu\/index.php?rest_route=%2Fwp%2Fv2%2Fmedia&parent=3862"}],"wp:term":[{"taxonomy":"category","embeddable":true,"href":"http:\/\/archiv.szolnoktv.hu\/index.php?rest_route=%2Fwp%2Fv2%2Fcategories&post=3862"},{"taxonomy":"post_tag","embeddable":true,"href":"http:\/\/archiv.szolnoktv.hu\/index.php?rest_route=%2Fwp%2Fv2%2Ftags&post=3862"}],"curies":[{"name":"wp","href":"https:\/\/api.w.org\/{rel}","templated":true}]}}