{"id":3861,"date":"2021-01-22T18:30:18","date_gmt":"2021-01-22T18:30:18","guid":{"rendered":"http:\/\/archiv.szolnoktv.hu\/?p=3861"},"modified":"2021-08-02T18:10:05","modified_gmt":"2021-08-02T18:10:05","slug":"himnusz","status":"publish","type":"post","link":"http:\/\/archiv.szolnoktv.hu\/?p=3861","title":{"rendered":"Himnusz"},"content":{"rendered":"<div class='booster-block booster-read-block'><\/div><p>Egyedi a t\u00f6rt\u00e9nete, egyedi a t\u00f6rt\u00e9nelme is. K\u00f6lcsey Ferenc 1823-ban ezen a napon fejezte be Himnusz c\u00edm\u0171 k\u00f6ltem\u00e9ny\u00e9t. \u00c1m 166 \u00e9v telt el, am\u00edg a Himnusz t\u00f6rv\u00e9nybe foglaltan is Himnusz lett. Minden nemzet joggal \u00e1ll\u00edtja azt, hogy az \u0151 himnusza egyedi. \u00c1m az egyediek k\u00f6z\u00fcl is kiemelkedik a mi\u00e9nk.   <br \/> &nbsp;<div style=\"width: 640px;\" class=\"wp-video\"><!--[if lt IE 9]><script>document.createElement('video');<\/script><![endif]-->\n<video class=\"wp-video-shortcode\" id=\"video-3861-1\" width=\"640\" height=\"360\" preload=\"metadata\" controls=\"controls\"><source type=\"video\/mp4\" src=\"\/spots\/hir\/hir_210122_03.mp4?_=1\" \/><a href=\"\/spots\/hir\/hir_210122_03.mp4\">\/spots\/hir\/hir_210122_03.mp4<\/a><\/video><\/div><\/p>\n","protected":false},"excerpt":{"rendered":"<p>Egyedi a t\u00f6rt\u00e9nete, egyedi a t\u00f6rt\u00e9nelme is. K\u00f6lcsey Ferenc 1823-ban ezen a napon fejezte be Himnusz c\u00edm\u0171 k\u00f6ltem\u00e9ny\u00e9t. \u00c1m 166 \u00e9v telt el, am\u00edg a Himnusz t\u00f6rv\u00e9nybe foglaltan is Himnusz lett. Minden nemzet joggal \u00e1ll\u00edtja azt, hogy az \u0151 himnusza egyedi. \u00c1m az egyediek k\u00f6z\u00fcl is kiemelkedik a mi\u00e9nk. &nbsp;<\/p>\n","protected":false},"author":2,"featured_media":0,"comment_status":"closed","ping_status":"closed","sticky":false,"template":"","format":"standard","meta":[],"categories":[6],"tags":[],"_links":{"self":[{"href":"http:\/\/archiv.szolnoktv.hu\/index.php?rest_route=\/wp\/v2\/posts\/3861"}],"collection":[{"href":"http:\/\/archiv.szolnoktv.hu\/index.php?rest_route=\/wp\/v2\/posts"}],"about":[{"href":"http:\/\/archiv.szolnoktv.hu\/index.php?rest_route=\/wp\/v2\/types\/post"}],"author":[{"embeddable":true,"href":"http:\/\/archiv.szolnoktv.hu\/index.php?rest_route=\/wp\/v2\/users\/2"}],"replies":[{"embeddable":true,"href":"http:\/\/archiv.szolnoktv.hu\/index.php?rest_route=%2Fwp%2Fv2%2Fcomments&post=3861"}],"version-history":[{"count":1,"href":"http:\/\/archiv.szolnoktv.hu\/index.php?rest_route=\/wp\/v2\/posts\/3861\/revisions"}],"predecessor-version":[{"id":4024,"href":"http:\/\/archiv.szolnoktv.hu\/index.php?rest_route=\/wp\/v2\/posts\/3861\/revisions\/4024"}],"wp:attachment":[{"href":"http:\/\/archiv.szolnoktv.hu\/index.php?rest_route=%2Fwp%2Fv2%2Fmedia&parent=3861"}],"wp:term":[{"taxonomy":"category","embeddable":true,"href":"http:\/\/archiv.szolnoktv.hu\/index.php?rest_route=%2Fwp%2Fv2%2Fcategories&post=3861"},{"taxonomy":"post_tag","embeddable":true,"href":"http:\/\/archiv.szolnoktv.hu\/index.php?rest_route=%2Fwp%2Fv2%2Ftags&post=3861"}],"curies":[{"name":"wp","href":"https:\/\/api.w.org\/{rel}","templated":true}]}}