{"id":3860,"date":"2021-01-22T18:22:58","date_gmt":"2021-01-22T18:22:58","guid":{"rendered":"http:\/\/archiv.szolnoktv.hu\/?p=3860"},"modified":"2021-08-02T18:10:05","modified_gmt":"2021-08-02T18:10:05","slug":"elismeresek-a-kultura-napjan","status":"publish","type":"post","link":"http:\/\/archiv.szolnoktv.hu\/?p=3860","title":{"rendered":"Elismer\u00e9sek a kult\u00fara napj\u00e1n"},"content":{"rendered":"<div class='booster-block booster-read-block'><\/div><p>Hagyom\u00e1nyosan a magyar kult\u00fara napj\u00e1n k\u00f6sz\u00f6nti a v\u00e1ros azokat, akik munk\u00e1jukkal  maradand\u00f3t alkottak a kult\u00fara k\u00fcl\u00f6nb\u00f6z\u0151 ter\u00fcletein. Id\u00e9n a j\u00e1rv\u00e1ny miatt elmaradt az ilyenkor megszokott d\u00edj\u00e1tad\u00f3 \u00fcnneps\u00e9g, a d\u00edjazottakat a Szolnok Telev\u00edzi\u00f3n kereszt\u00fcl hirdette ki \u00e9s k\u00f6sz\u00f6nt\u00f6tte Szalay Ferenc polg\u00e1rmester.  <br \/> &nbsp;<div style=\"width: 640px;\" class=\"wp-video\"><!--[if lt IE 9]><script>document.createElement('video');<\/script><![endif]-->\n<video class=\"wp-video-shortcode\" id=\"video-3860-1\" width=\"640\" height=\"360\" preload=\"metadata\" controls=\"controls\"><source type=\"video\/mp4\" src=\"\/spots\/hir\/hir_210122_08.mp4?_=1\" \/><a href=\"\/spots\/hir\/hir_210122_08.mp4\">\/spots\/hir\/hir_210122_08.mp4<\/a><\/video><\/div><\/p>\n","protected":false},"excerpt":{"rendered":"<p>Hagyom\u00e1nyosan a magyar kult\u00fara napj\u00e1n k\u00f6sz\u00f6nti a v\u00e1ros azokat, akik munk\u00e1jukkal maradand\u00f3t alkottak a kult\u00fara k\u00fcl\u00f6nb\u00f6z\u0151 ter\u00fcletein. Id\u00e9n a j\u00e1rv\u00e1ny miatt elmaradt az ilyenkor megszokott d\u00edj\u00e1tad\u00f3 \u00fcnneps\u00e9g, a d\u00edjazottakat a Szolnok Telev\u00edzi\u00f3n kereszt\u00fcl hirdette ki \u00e9s k\u00f6sz\u00f6nt\u00f6tte Szalay Ferenc polg\u00e1rmester. &nbsp;<\/p>\n","protected":false},"author":2,"featured_media":0,"comment_status":"closed","ping_status":"closed","sticky":false,"template":"","format":"standard","meta":[],"categories":[6],"tags":[],"_links":{"self":[{"href":"http:\/\/archiv.szolnoktv.hu\/index.php?rest_route=\/wp\/v2\/posts\/3860"}],"collection":[{"href":"http:\/\/archiv.szolnoktv.hu\/index.php?rest_route=\/wp\/v2\/posts"}],"about":[{"href":"http:\/\/archiv.szolnoktv.hu\/index.php?rest_route=\/wp\/v2\/types\/post"}],"author":[{"embeddable":true,"href":"http:\/\/archiv.szolnoktv.hu\/index.php?rest_route=\/wp\/v2\/users\/2"}],"replies":[{"embeddable":true,"href":"http:\/\/archiv.szolnoktv.hu\/index.php?rest_route=%2Fwp%2Fv2%2Fcomments&post=3860"}],"version-history":[{"count":1,"href":"http:\/\/archiv.szolnoktv.hu\/index.php?rest_route=\/wp\/v2\/posts\/3860\/revisions"}],"predecessor-version":[{"id":4025,"href":"http:\/\/archiv.szolnoktv.hu\/index.php?rest_route=\/wp\/v2\/posts\/3860\/revisions\/4025"}],"wp:attachment":[{"href":"http:\/\/archiv.szolnoktv.hu\/index.php?rest_route=%2Fwp%2Fv2%2Fmedia&parent=3860"}],"wp:term":[{"taxonomy":"category","embeddable":true,"href":"http:\/\/archiv.szolnoktv.hu\/index.php?rest_route=%2Fwp%2Fv2%2Fcategories&post=3860"},{"taxonomy":"post_tag","embeddable":true,"href":"http:\/\/archiv.szolnoktv.hu\/index.php?rest_route=%2Fwp%2Fv2%2Ftags&post=3860"}],"curies":[{"name":"wp","href":"https:\/\/api.w.org\/{rel}","templated":true}]}}