{"id":3858,"date":"2021-01-22T17:40:24","date_gmt":"2021-01-22T17:40:24","guid":{"rendered":"http:\/\/archiv.szolnoktv.hu\/?p=3858"},"modified":"2021-08-02T18:10:06","modified_gmt":"2021-08-02T18:10:06","slug":"magyar-kinai-egyuttmukodes-a-vonatgyartasban","status":"publish","type":"post","link":"http:\/\/archiv.szolnoktv.hu\/?p=3858","title":{"rendered":"Magyar-k\u00ednai egy\u00fcttm\u0171k\u00f6d\u00e9s a vonatgy\u00e1rt\u00e1sban"},"content":{"rendered":"<div class='booster-block booster-read-block'><\/div><p>K\u00ednai partnerrel k\u00f6z\u00f6sen gy\u00e1rthat mell\u00e9kvonali motorvonatokat a M\u00c1V Szolnokon. Az err\u0151l sz\u00f3l\u00f3 egy\u00fcttm\u0171k\u00f6d\u00e9si sz\u00e1nd\u00e9knyilatkozatot tegnap \u00edrta al\u00e1 a M\u00c1V, a M\u00c1V-Start \u00e9s K\u00edna egyik legjelent\u0151sebb, vas\u00fati j\u00e1rm\u0171vek tervez\u00e9s\u00e9vel \u00e9s gy\u00e1rt\u00e1s\u00e1val foglalkoz\u00f3 t\u00e1rsas\u00e1ga &#8211; olvashat\u00f3 az Innov\u00e1ci\u00f3s \u00e9s Technol\u00f3giai Miniszt\u00e9rium k\u00f6zlem\u00e9ny\u00e9ben.   <br \/>  &nbsp;<div style=\"width: 640px;\" class=\"wp-video\"><!--[if lt IE 9]><script>document.createElement('video');<\/script><![endif]-->\n<video class=\"wp-video-shortcode\" id=\"video-3858-1\" width=\"640\" height=\"360\" preload=\"metadata\" controls=\"controls\"><source type=\"video\/mp4\" src=\"\/spots\/hir\/hir_210122_06.mp4?_=1\" \/><a href=\"\/spots\/hir\/hir_210122_06.mp4\">\/spots\/hir\/hir_210122_06.mp4<\/a><\/video><\/div><\/p>\n","protected":false},"excerpt":{"rendered":"<p>K\u00ednai partnerrel k\u00f6z\u00f6sen gy\u00e1rthat mell\u00e9kvonali motorvonatokat a M\u00c1V Szolnokon. Az err\u0151l sz\u00f3l\u00f3 egy\u00fcttm\u0171k\u00f6d\u00e9si sz\u00e1nd\u00e9knyilatkozatot tegnap \u00edrta al\u00e1 a M\u00c1V, a M\u00c1V-Start \u00e9s K\u00edna egyik legjelent\u0151sebb, vas\u00fati j\u00e1rm\u0171vek tervez\u00e9s\u00e9vel \u00e9s gy\u00e1rt\u00e1s\u00e1val foglalkoz\u00f3 t\u00e1rsas\u00e1ga &#8211; olvashat\u00f3 az Innov\u00e1ci\u00f3s \u00e9s Technol\u00f3giai Miniszt\u00e9rium k\u00f6zlem\u00e9ny\u00e9ben. &nbsp;<\/p>\n","protected":false},"author":2,"featured_media":0,"comment_status":"closed","ping_status":"closed","sticky":false,"template":"","format":"standard","meta":[],"categories":[6],"tags":[],"_links":{"self":[{"href":"http:\/\/archiv.szolnoktv.hu\/index.php?rest_route=\/wp\/v2\/posts\/3858"}],"collection":[{"href":"http:\/\/archiv.szolnoktv.hu\/index.php?rest_route=\/wp\/v2\/posts"}],"about":[{"href":"http:\/\/archiv.szolnoktv.hu\/index.php?rest_route=\/wp\/v2\/types\/post"}],"author":[{"embeddable":true,"href":"http:\/\/archiv.szolnoktv.hu\/index.php?rest_route=\/wp\/v2\/users\/2"}],"replies":[{"embeddable":true,"href":"http:\/\/archiv.szolnoktv.hu\/index.php?rest_route=%2Fwp%2Fv2%2Fcomments&post=3858"}],"version-history":[{"count":1,"href":"http:\/\/archiv.szolnoktv.hu\/index.php?rest_route=\/wp\/v2\/posts\/3858\/revisions"}],"predecessor-version":[{"id":4027,"href":"http:\/\/archiv.szolnoktv.hu\/index.php?rest_route=\/wp\/v2\/posts\/3858\/revisions\/4027"}],"wp:attachment":[{"href":"http:\/\/archiv.szolnoktv.hu\/index.php?rest_route=%2Fwp%2Fv2%2Fmedia&parent=3858"}],"wp:term":[{"taxonomy":"category","embeddable":true,"href":"http:\/\/archiv.szolnoktv.hu\/index.php?rest_route=%2Fwp%2Fv2%2Fcategories&post=3858"},{"taxonomy":"post_tag","embeddable":true,"href":"http:\/\/archiv.szolnoktv.hu\/index.php?rest_route=%2Fwp%2Fv2%2Ftags&post=3858"}],"curies":[{"name":"wp","href":"https:\/\/api.w.org\/{rel}","templated":true}]}}