{"id":3855,"date":"2021-01-22T17:18:50","date_gmt":"2021-01-22T17:18:50","guid":{"rendered":"http:\/\/archiv.szolnoktv.hu\/?p=3855"},"modified":"2021-08-02T18:10:07","modified_gmt":"2021-08-02T18:10:07","slug":"mozart-d-ben","status":"publish","type":"post","link":"http:\/\/archiv.szolnoktv.hu\/?p=3855","title":{"rendered":"Mozart D-ben"},"content":{"rendered":"<div class='booster-block booster-read-block'><\/div><p>Nem marad el, csak m\u00e1s form\u00e1ban jut el a k\u00f6z\u00f6ns\u00e9ghez a Szolnoki Szimfonikus Zenekar janu\u00e1r 25-\u00e9re tervezett k\u00f6vetkez\u0151 koncertje. A Mozart D-ben c\u00edmmel meghirdetett el\u0151ad\u00e1st szombaton r\u00f6gz\u00edti \u00e9s hamarosan m\u0171sor\u00e1ra is t\u0171zi telev\u00edzi\u00f3nk. A koncertfelv\u00e9telre \u00e9s az azt megel\u0151z\u0151 pr\u00f3b\u00e1kra Szolnok f\u0151-zeneigazgat\u00f3ja, Izaki Maszahiro is visszat\u00e9rt a v\u00e1rosba.   <br \/> &nbsp;<div style=\"width: 640px;\" class=\"wp-video\"><!--[if lt IE 9]><script>document.createElement('video');<\/script><![endif]-->\n<video class=\"wp-video-shortcode\" id=\"video-3855-1\" width=\"640\" height=\"360\" preload=\"metadata\" controls=\"controls\"><source type=\"video\/mp4\" src=\"\/spots\/hir\/hir_210122_09.mp4?_=1\" \/><a href=\"\/spots\/hir\/hir_210122_09.mp4\">\/spots\/hir\/hir_210122_09.mp4<\/a><\/video><\/div><\/p>\n","protected":false},"excerpt":{"rendered":"<p>Nem marad el, csak m\u00e1s form\u00e1ban jut el a k\u00f6z\u00f6ns\u00e9ghez a Szolnoki Szimfonikus Zenekar janu\u00e1r 25-\u00e9re tervezett k\u00f6vetkez\u0151 koncertje. A Mozart D-ben c\u00edmmel meghirdetett el\u0151ad\u00e1st szombaton r\u00f6gz\u00edti \u00e9s hamarosan m\u0171sor\u00e1ra is t\u0171zi telev\u00edzi\u00f3nk. A koncertfelv\u00e9telre \u00e9s az azt megel\u0151z\u0151 pr\u00f3b\u00e1kra Szolnok f\u0151-zeneigazgat\u00f3ja, Izaki Maszahiro is visszat\u00e9rt a v\u00e1rosba. &nbsp;<\/p>\n","protected":false},"author":2,"featured_media":0,"comment_status":"closed","ping_status":"closed","sticky":false,"template":"","format":"standard","meta":[],"categories":[6],"tags":[],"_links":{"self":[{"href":"http:\/\/archiv.szolnoktv.hu\/index.php?rest_route=\/wp\/v2\/posts\/3855"}],"collection":[{"href":"http:\/\/archiv.szolnoktv.hu\/index.php?rest_route=\/wp\/v2\/posts"}],"about":[{"href":"http:\/\/archiv.szolnoktv.hu\/index.php?rest_route=\/wp\/v2\/types\/post"}],"author":[{"embeddable":true,"href":"http:\/\/archiv.szolnoktv.hu\/index.php?rest_route=\/wp\/v2\/users\/2"}],"replies":[{"embeddable":true,"href":"http:\/\/archiv.szolnoktv.hu\/index.php?rest_route=%2Fwp%2Fv2%2Fcomments&post=3855"}],"version-history":[{"count":1,"href":"http:\/\/archiv.szolnoktv.hu\/index.php?rest_route=\/wp\/v2\/posts\/3855\/revisions"}],"predecessor-version":[{"id":4030,"href":"http:\/\/archiv.szolnoktv.hu\/index.php?rest_route=\/wp\/v2\/posts\/3855\/revisions\/4030"}],"wp:attachment":[{"href":"http:\/\/archiv.szolnoktv.hu\/index.php?rest_route=%2Fwp%2Fv2%2Fmedia&parent=3855"}],"wp:term":[{"taxonomy":"category","embeddable":true,"href":"http:\/\/archiv.szolnoktv.hu\/index.php?rest_route=%2Fwp%2Fv2%2Fcategories&post=3855"},{"taxonomy":"post_tag","embeddable":true,"href":"http:\/\/archiv.szolnoktv.hu\/index.php?rest_route=%2Fwp%2Fv2%2Ftags&post=3855"}],"curies":[{"name":"wp","href":"https:\/\/api.w.org\/{rel}","templated":true}]}}