{"id":3854,"date":"2021-01-22T17:12:11","date_gmt":"2021-01-22T17:12:11","guid":{"rendered":"http:\/\/archiv.szolnoktv.hu\/?p=3854"},"modified":"2021-08-02T18:10:07","modified_gmt":"2021-08-02T18:10:07","slug":"utcai-tarlat","status":"publish","type":"post","link":"http:\/\/archiv.szolnoktv.hu\/?p=3854","title":{"rendered":"Utcai t\u00e1rlat"},"content":{"rendered":"<div class='booster-block booster-read-block'><\/div><p>Megny\u00edlt a Szifon &#8211; Szolnoki Ifj\u00fas\u00e1gi K\u00f6z\u00f6ss\u00e9gi T\u00e9r m\u00e1sodik ki\u00e1ll\u00edt\u00e1sa. Mivel a fiatalok sz\u00e1m\u00e1ra ny\u00e1ron kialak\u00edtott helyis\u00e9g a j\u00e1rv\u00e1ny miatt z\u00e1rva tart, az \u00e9rdekl\u0151d\u0151k az utc\u00e1r\u00f3l tekinthetik meg a Magiszter Alapfok\u00fa M\u0171v\u00e9szeti Iskola n\u00f6vend\u00e9keinek leg\u00fajabb alkot\u00e1sait.   <br \/> &nbsp;<div style=\"width: 640px;\" class=\"wp-video\"><!--[if lt IE 9]><script>document.createElement('video');<\/script><![endif]-->\n<video class=\"wp-video-shortcode\" id=\"video-3854-1\" width=\"640\" height=\"360\" preload=\"metadata\" controls=\"controls\"><source type=\"video\/mp4\" src=\"\/spots\/hir\/hir_210121_09.mp4?_=1\" \/><a href=\"\/spots\/hir\/hir_210121_09.mp4\">\/spots\/hir\/hir_210121_09.mp4<\/a><\/video><\/div><\/p>\n","protected":false},"excerpt":{"rendered":"<p>Megny\u00edlt a Szifon &#8211; Szolnoki Ifj\u00fas\u00e1gi K\u00f6z\u00f6ss\u00e9gi T\u00e9r m\u00e1sodik ki\u00e1ll\u00edt\u00e1sa. Mivel a fiatalok sz\u00e1m\u00e1ra ny\u00e1ron kialak\u00edtott helyis\u00e9g a j\u00e1rv\u00e1ny miatt z\u00e1rva tart, az \u00e9rdekl\u0151d\u0151k az utc\u00e1r\u00f3l tekinthetik meg a Magiszter Alapfok\u00fa M\u0171v\u00e9szeti Iskola n\u00f6vend\u00e9keinek leg\u00fajabb alkot\u00e1sait. &nbsp;<\/p>\n","protected":false},"author":2,"featured_media":0,"comment_status":"closed","ping_status":"closed","sticky":false,"template":"","format":"standard","meta":[],"categories":[6],"tags":[],"_links":{"self":[{"href":"http:\/\/archiv.szolnoktv.hu\/index.php?rest_route=\/wp\/v2\/posts\/3854"}],"collection":[{"href":"http:\/\/archiv.szolnoktv.hu\/index.php?rest_route=\/wp\/v2\/posts"}],"about":[{"href":"http:\/\/archiv.szolnoktv.hu\/index.php?rest_route=\/wp\/v2\/types\/post"}],"author":[{"embeddable":true,"href":"http:\/\/archiv.szolnoktv.hu\/index.php?rest_route=\/wp\/v2\/users\/2"}],"replies":[{"embeddable":true,"href":"http:\/\/archiv.szolnoktv.hu\/index.php?rest_route=%2Fwp%2Fv2%2Fcomments&post=3854"}],"version-history":[{"count":1,"href":"http:\/\/archiv.szolnoktv.hu\/index.php?rest_route=\/wp\/v2\/posts\/3854\/revisions"}],"predecessor-version":[{"id":4031,"href":"http:\/\/archiv.szolnoktv.hu\/index.php?rest_route=\/wp\/v2\/posts\/3854\/revisions\/4031"}],"wp:attachment":[{"href":"http:\/\/archiv.szolnoktv.hu\/index.php?rest_route=%2Fwp%2Fv2%2Fmedia&parent=3854"}],"wp:term":[{"taxonomy":"category","embeddable":true,"href":"http:\/\/archiv.szolnoktv.hu\/index.php?rest_route=%2Fwp%2Fv2%2Fcategories&post=3854"},{"taxonomy":"post_tag","embeddable":true,"href":"http:\/\/archiv.szolnoktv.hu\/index.php?rest_route=%2Fwp%2Fv2%2Ftags&post=3854"}],"curies":[{"name":"wp","href":"https:\/\/api.w.org\/{rel}","templated":true}]}}