{"id":3853,"date":"2021-01-22T16:52:55","date_gmt":"2021-01-22T16:52:55","guid":{"rendered":"http:\/\/archiv.szolnoktv.hu\/?p=3853"},"modified":"2021-08-02T18:10:08","modified_gmt":"2021-08-02T18:10:08","slug":"felujitott-kellner-sir","status":"publish","type":"post","link":"http:\/\/archiv.szolnoktv.hu\/?p=3853","title":{"rendered":"Fel\u00faj\u00edtott Kellner- s\u00edr"},"content":{"rendered":"<div class='booster-block booster-read-block'><\/div><p>A Magyar Olimpiai Bizotts\u00e1gnak, a Magyar Olimpiai Akad\u00e9mi\u00e1nak \u00e9s r\u00e9szben a Szolnok Telev\u00edzi\u00f3nak k\u00f6sz\u00f6nhet\u0151en fel\u00faj\u00edtott\u00e1k Kellner Gyula s\u00edrj\u00e1t. Az 1896-os ath\u00e9ni olimpia bronz\u00e9rmes maratonfut\u00f3j\u00e1nak s\u00edreml\u00e9ke a K\u0151r\u00f6si \u00fati temet\u0151ben \u00e1ll.  <br \/> &nbsp;<div style=\"width: 640px;\" class=\"wp-video\"><!--[if lt IE 9]><script>document.createElement('video');<\/script><![endif]-->\n<video class=\"wp-video-shortcode\" id=\"video-3853-1\" width=\"640\" height=\"360\" preload=\"metadata\" controls=\"controls\"><source type=\"video\/mp4\" src=\"\/spots\/hir\/hir_210122_01.mp4?_=1\" \/><a href=\"\/spots\/hir\/hir_210122_01.mp4\">\/spots\/hir\/hir_210122_01.mp4<\/a><\/video><\/div><\/p>\n","protected":false},"excerpt":{"rendered":"<p>A Magyar Olimpiai Bizotts\u00e1gnak, a Magyar Olimpiai Akad\u00e9mi\u00e1nak \u00e9s r\u00e9szben a Szolnok Telev\u00edzi\u00f3nak k\u00f6sz\u00f6nhet\u0151en fel\u00faj\u00edtott\u00e1k Kellner Gyula s\u00edrj\u00e1t. Az 1896-os ath\u00e9ni olimpia bronz\u00e9rmes maratonfut\u00f3j\u00e1nak s\u00edreml\u00e9ke a K\u0151r\u00f6si \u00fati temet\u0151ben \u00e1ll. &nbsp;<\/p>\n","protected":false},"author":2,"featured_media":0,"comment_status":"closed","ping_status":"closed","sticky":false,"template":"","format":"standard","meta":[],"categories":[6],"tags":[],"_links":{"self":[{"href":"http:\/\/archiv.szolnoktv.hu\/index.php?rest_route=\/wp\/v2\/posts\/3853"}],"collection":[{"href":"http:\/\/archiv.szolnoktv.hu\/index.php?rest_route=\/wp\/v2\/posts"}],"about":[{"href":"http:\/\/archiv.szolnoktv.hu\/index.php?rest_route=\/wp\/v2\/types\/post"}],"author":[{"embeddable":true,"href":"http:\/\/archiv.szolnoktv.hu\/index.php?rest_route=\/wp\/v2\/users\/2"}],"replies":[{"embeddable":true,"href":"http:\/\/archiv.szolnoktv.hu\/index.php?rest_route=%2Fwp%2Fv2%2Fcomments&post=3853"}],"version-history":[{"count":1,"href":"http:\/\/archiv.szolnoktv.hu\/index.php?rest_route=\/wp\/v2\/posts\/3853\/revisions"}],"predecessor-version":[{"id":4032,"href":"http:\/\/archiv.szolnoktv.hu\/index.php?rest_route=\/wp\/v2\/posts\/3853\/revisions\/4032"}],"wp:attachment":[{"href":"http:\/\/archiv.szolnoktv.hu\/index.php?rest_route=%2Fwp%2Fv2%2Fmedia&parent=3853"}],"wp:term":[{"taxonomy":"category","embeddable":true,"href":"http:\/\/archiv.szolnoktv.hu\/index.php?rest_route=%2Fwp%2Fv2%2Fcategories&post=3853"},{"taxonomy":"post_tag","embeddable":true,"href":"http:\/\/archiv.szolnoktv.hu\/index.php?rest_route=%2Fwp%2Fv2%2Ftags&post=3853"}],"curies":[{"name":"wp","href":"https:\/\/api.w.org\/{rel}","templated":true}]}}