{"id":3820,"date":"2021-01-21T18:19:59","date_gmt":"2021-01-21T18:19:59","guid":{"rendered":"http:\/\/archiv.szolnoktv.hu\/?p=3820"},"modified":"2021-08-02T17:56:06","modified_gmt":"2021-08-02T17:56:06","slug":"atlagkereset-2019","status":"publish","type":"post","link":"http:\/\/archiv.szolnoktv.hu\/?p=3820","title":{"rendered":"\u00c1tlagkereset 2019"},"content":{"rendered":"<div class='booster-block booster-read-block'><\/div><p>2019-ben 200 ezer forint volt a nett\u00f3 \u00e1tlagkereset haz\u00e1nkban a GKI szerint. Magyarorsz\u00e1g 19 megy\u00e9j\u00e9b\u0151l 14-ben az orsz\u00e1gos \u00e1tlag alatt maradtak a nett\u00f3 keresetek. Az Innov\u00e1ci\u00f3s \u00e9s Technol\u00f3giai Miniszt\u00e9rium az ATV k\u00e9rd\u00e9s\u00e9re azt \u00edrta, hogy 2010 \u00f3ta kimagasl\u00f3 m\u00e9rt\u00e9kben emelkedtek a b\u00e9rek itthon.  <br \/> &nbsp;<div style=\"width: 640px;\" class=\"wp-video\"><!--[if lt IE 9]><script>document.createElement('video');<\/script><![endif]-->\n<video class=\"wp-video-shortcode\" id=\"video-3820-1\" width=\"640\" height=\"360\" preload=\"metadata\" controls=\"controls\"><source type=\"video\/mp4\" src=\"\/spots\/hir\/hir_210121_08.mp4?_=1\" \/><a href=\"\/spots\/hir\/hir_210121_08.mp4\">\/spots\/hir\/hir_210121_08.mp4<\/a><\/video><\/div><\/p>\n","protected":false},"excerpt":{"rendered":"<p>2019-ben 200 ezer forint volt a nett\u00f3 \u00e1tlagkereset haz\u00e1nkban a GKI szerint. Magyarorsz\u00e1g 19 megy\u00e9j\u00e9b\u0151l 14-ben az orsz\u00e1gos \u00e1tlag alatt maradtak a nett\u00f3 keresetek. Az Innov\u00e1ci\u00f3s \u00e9s Technol\u00f3giai Miniszt\u00e9rium az ATV k\u00e9rd\u00e9s\u00e9re azt \u00edrta, hogy 2010 \u00f3ta kimagasl\u00f3 m\u00e9rt\u00e9kben emelkedtek a b\u00e9rek itthon. &nbsp;<\/p>\n","protected":false},"author":2,"featured_media":0,"comment_status":"closed","ping_status":"closed","sticky":false,"template":"","format":"standard","meta":[],"categories":[6],"tags":[],"_links":{"self":[{"href":"http:\/\/archiv.szolnoktv.hu\/index.php?rest_route=\/wp\/v2\/posts\/3820"}],"collection":[{"href":"http:\/\/archiv.szolnoktv.hu\/index.php?rest_route=\/wp\/v2\/posts"}],"about":[{"href":"http:\/\/archiv.szolnoktv.hu\/index.php?rest_route=\/wp\/v2\/types\/post"}],"author":[{"embeddable":true,"href":"http:\/\/archiv.szolnoktv.hu\/index.php?rest_route=\/wp\/v2\/users\/2"}],"replies":[{"embeddable":true,"href":"http:\/\/archiv.szolnoktv.hu\/index.php?rest_route=%2Fwp%2Fv2%2Fcomments&post=3820"}],"version-history":[{"count":1,"href":"http:\/\/archiv.szolnoktv.hu\/index.php?rest_route=\/wp\/v2\/posts\/3820\/revisions"}],"predecessor-version":[{"id":3825,"href":"http:\/\/archiv.szolnoktv.hu\/index.php?rest_route=\/wp\/v2\/posts\/3820\/revisions\/3825"}],"wp:attachment":[{"href":"http:\/\/archiv.szolnoktv.hu\/index.php?rest_route=%2Fwp%2Fv2%2Fmedia&parent=3820"}],"wp:term":[{"taxonomy":"category","embeddable":true,"href":"http:\/\/archiv.szolnoktv.hu\/index.php?rest_route=%2Fwp%2Fv2%2Fcategories&post=3820"},{"taxonomy":"post_tag","embeddable":true,"href":"http:\/\/archiv.szolnoktv.hu\/index.php?rest_route=%2Fwp%2Fv2%2Ftags&post=3820"}],"curies":[{"name":"wp","href":"https:\/\/api.w.org\/{rel}","templated":true}]}}