{"id":3819,"date":"2021-01-21T18:13:11","date_gmt":"2021-01-21T18:13:11","guid":{"rendered":"http:\/\/archiv.szolnoktv.hu\/?p=3819"},"modified":"2021-08-02T17:56:06","modified_gmt":"2021-08-02T17:56:06","slug":"10-eves-a-tiszavirag-hid","status":"publish","type":"post","link":"http:\/\/archiv.szolnoktv.hu\/?p=3819","title":{"rendered":"10 \u00e9ves a Tiszavir\u00e1g h\u00edd"},"content":{"rendered":"<div class='booster-block booster-read-block'><\/div><p>10 \u00e9ve s\u00e9t\u00e1lhatunk-, vagy hajthatunk \u00e1t ker\u00e9kp\u00e1rral a Tisz\u00e1n an\u00e9lk\u00fcl, hogy a g\u00e9pkocsiforgalomra kellene figyeln\u00fcnk. Kerek \u00e9vfordul\u00f3j\u00e1t \u00fcnnepli a szolnoki Tiszavir\u00e1g h\u00edd. 2011 janu\u00e1r 21- \u00e9n g\u00f6rd\u00fclt \u00e1t a hord\u00f3 a h\u00eddtesten, hogy nyom\u00e1ban v\u00e9gre a szolnokiak is megcsod\u00e1lj\u00e1k a kil\u00e1t\u00e1st az \u00e9p\u00edt\u00e9szeti brav\u00farnak sz\u00e1m\u00edt\u00f3 objektumr\u00f3l. <br \/> &nbsp;<div style=\"width: 640px;\" class=\"wp-video\"><!--[if lt IE 9]><script>document.createElement('video');<\/script><![endif]-->\n<video class=\"wp-video-shortcode\" id=\"video-3819-1\" width=\"640\" height=\"360\" preload=\"metadata\" controls=\"controls\"><source type=\"video\/mp4\" src=\"\/spots\/hir\/hir_210121_07.mp4?_=1\" \/><a href=\"\/spots\/hir\/hir_210121_07.mp4\">\/spots\/hir\/hir_210121_07.mp4<\/a><\/video><\/div><\/p>\n","protected":false},"excerpt":{"rendered":"<p>10 \u00e9ve s\u00e9t\u00e1lhatunk-, vagy hajthatunk \u00e1t ker\u00e9kp\u00e1rral a Tisz\u00e1n an\u00e9lk\u00fcl, hogy a g\u00e9pkocsiforgalomra kellene figyeln\u00fcnk. Kerek \u00e9vfordul\u00f3j\u00e1t \u00fcnnepli a szolnoki Tiszavir\u00e1g h\u00edd. 2011 janu\u00e1r 21- \u00e9n g\u00f6rd\u00fclt \u00e1t a hord\u00f3 a h\u00eddtesten, hogy nyom\u00e1ban v\u00e9gre a szolnokiak is megcsod\u00e1lj\u00e1k a kil\u00e1t\u00e1st az \u00e9p\u00edt\u00e9szeti brav\u00farnak sz\u00e1m\u00edt\u00f3 objektumr\u00f3l. &nbsp;<\/p>\n","protected":false},"author":2,"featured_media":0,"comment_status":"closed","ping_status":"closed","sticky":false,"template":"","format":"standard","meta":[],"categories":[6],"tags":[],"_links":{"self":[{"href":"http:\/\/archiv.szolnoktv.hu\/index.php?rest_route=\/wp\/v2\/posts\/3819"}],"collection":[{"href":"http:\/\/archiv.szolnoktv.hu\/index.php?rest_route=\/wp\/v2\/posts"}],"about":[{"href":"http:\/\/archiv.szolnoktv.hu\/index.php?rest_route=\/wp\/v2\/types\/post"}],"author":[{"embeddable":true,"href":"http:\/\/archiv.szolnoktv.hu\/index.php?rest_route=\/wp\/v2\/users\/2"}],"replies":[{"embeddable":true,"href":"http:\/\/archiv.szolnoktv.hu\/index.php?rest_route=%2Fwp%2Fv2%2Fcomments&post=3819"}],"version-history":[{"count":1,"href":"http:\/\/archiv.szolnoktv.hu\/index.php?rest_route=\/wp\/v2\/posts\/3819\/revisions"}],"predecessor-version":[{"id":3826,"href":"http:\/\/archiv.szolnoktv.hu\/index.php?rest_route=\/wp\/v2\/posts\/3819\/revisions\/3826"}],"wp:attachment":[{"href":"http:\/\/archiv.szolnoktv.hu\/index.php?rest_route=%2Fwp%2Fv2%2Fmedia&parent=3819"}],"wp:term":[{"taxonomy":"category","embeddable":true,"href":"http:\/\/archiv.szolnoktv.hu\/index.php?rest_route=%2Fwp%2Fv2%2Fcategories&post=3819"},{"taxonomy":"post_tag","embeddable":true,"href":"http:\/\/archiv.szolnoktv.hu\/index.php?rest_route=%2Fwp%2Fv2%2Ftags&post=3819"}],"curies":[{"name":"wp","href":"https:\/\/api.w.org\/{rel}","templated":true}]}}