{"id":3815,"date":"2021-01-21T17:32:51","date_gmt":"2021-01-21T17:32:51","guid":{"rendered":"http:\/\/archiv.szolnoktv.hu\/?p=3815"},"modified":"2021-08-02T17:56:08","modified_gmt":"2021-08-02T17:56:08","slug":"az-egeszsegvedelem-az-elso","status":"publish","type":"post","link":"http:\/\/archiv.szolnoktv.hu\/?p=3815","title":{"rendered":"Az eg\u00e9szs\u00e9gv\u00e9delem az els\u0151"},"content":{"rendered":"<div class='booster-block booster-read-block'><\/div><p>V\u00e9d\u0151ruh\u00e1kkal seg\u00edtette a j\u00e1rv\u00e1ny elleni hat\u00e9kony v\u00e9dekez\u00e9st a DK helyi szervezete. Ez\u00fattal a Ka\u00e1n K\u00e1roly \u00fati id\u0151sotthon lak\u00f3inak \u00e9s dolgoz\u00f3inak mindennapjait seg\u00edti az adom\u00e1ny.  <br \/> &nbsp;<div style=\"width: 640px;\" class=\"wp-video\"><!--[if lt IE 9]><script>document.createElement('video');<\/script><![endif]-->\n<video class=\"wp-video-shortcode\" id=\"video-3815-1\" width=\"640\" height=\"360\" preload=\"metadata\" controls=\"controls\"><source type=\"video\/mp4\" src=\"\/spots\/hir\/hir_210121_02.mp4?_=1\" \/><a href=\"\/spots\/hir\/hir_210121_02.mp4\">\/spots\/hir\/hir_210121_02.mp4<\/a><\/video><\/div><\/p>\n","protected":false},"excerpt":{"rendered":"<p>V\u00e9d\u0151ruh\u00e1kkal seg\u00edtette a j\u00e1rv\u00e1ny elleni hat\u00e9kony v\u00e9dekez\u00e9st a DK helyi szervezete. Ez\u00fattal a Ka\u00e1n K\u00e1roly \u00fati id\u0151sotthon lak\u00f3inak \u00e9s dolgoz\u00f3inak mindennapjait seg\u00edti az adom\u00e1ny. &nbsp;<\/p>\n","protected":false},"author":2,"featured_media":0,"comment_status":"closed","ping_status":"closed","sticky":false,"template":"","format":"standard","meta":[],"categories":[6],"tags":[],"_links":{"self":[{"href":"http:\/\/archiv.szolnoktv.hu\/index.php?rest_route=\/wp\/v2\/posts\/3815"}],"collection":[{"href":"http:\/\/archiv.szolnoktv.hu\/index.php?rest_route=\/wp\/v2\/posts"}],"about":[{"href":"http:\/\/archiv.szolnoktv.hu\/index.php?rest_route=\/wp\/v2\/types\/post"}],"author":[{"embeddable":true,"href":"http:\/\/archiv.szolnoktv.hu\/index.php?rest_route=\/wp\/v2\/users\/2"}],"replies":[{"embeddable":true,"href":"http:\/\/archiv.szolnoktv.hu\/index.php?rest_route=%2Fwp%2Fv2%2Fcomments&post=3815"}],"version-history":[{"count":1,"href":"http:\/\/archiv.szolnoktv.hu\/index.php?rest_route=\/wp\/v2\/posts\/3815\/revisions"}],"predecessor-version":[{"id":3830,"href":"http:\/\/archiv.szolnoktv.hu\/index.php?rest_route=\/wp\/v2\/posts\/3815\/revisions\/3830"}],"wp:attachment":[{"href":"http:\/\/archiv.szolnoktv.hu\/index.php?rest_route=%2Fwp%2Fv2%2Fmedia&parent=3815"}],"wp:term":[{"taxonomy":"category","embeddable":true,"href":"http:\/\/archiv.szolnoktv.hu\/index.php?rest_route=%2Fwp%2Fv2%2Fcategories&post=3815"},{"taxonomy":"post_tag","embeddable":true,"href":"http:\/\/archiv.szolnoktv.hu\/index.php?rest_route=%2Fwp%2Fv2%2Ftags&post=3815"}],"curies":[{"name":"wp","href":"https:\/\/api.w.org\/{rel}","templated":true}]}}