{"id":3814,"date":"2021-01-21T17:24:28","date_gmt":"2021-01-21T17:24:28","guid":{"rendered":"http:\/\/archiv.szolnoktv.hu\/?p=3814"},"modified":"2021-08-02T17:56:08","modified_gmt":"2021-08-02T17:56:08","slug":"sokszinuseg-fekete-feherben","status":"publish","type":"post","link":"http:\/\/archiv.szolnoktv.hu\/?p=3814","title":{"rendered":"Soksz\u00edn\u0171s\u00e9g fekete-feh\u00e9rben"},"content":{"rendered":"<div class='booster-block booster-read-block'><\/div><p>Term\u00e9szeti form\u00e1k mint\u00e1zataib\u00f3l mer\u00edt inspir\u00e1ci\u00f3t \u00e9s a l\u00e9tez\u00e9s t\u00f6rv\u00e9nyszer\u0171s\u00e9geit mutatja be a grafika eszk\u00f6zeivel Sinka P\u00e9ter. A Szolnoki K\u00e9pz\u0151m\u0171v\u00e9szeti T\u00e1rsas\u00e1g t\u00e1rlat\u00e1n is d\u00edjazott fiatal m\u0171v\u00e9sz alkot\u00e1saib\u00f3l a Szoboszlai Gal\u00e9ri\u00e1ban ny\u00edlt meg a j\u00e1rv\u00e1ny miatt m\u00e1r t\u00f6bbsz\u00f6r elhalasztott ki\u00e1ll\u00edt\u00e1s.   <br \/> &nbsp;<div style=\"width: 640px;\" class=\"wp-video\"><!--[if lt IE 9]><script>document.createElement('video');<\/script><![endif]-->\n<video class=\"wp-video-shortcode\" id=\"video-3814-1\" width=\"640\" height=\"360\" preload=\"metadata\" controls=\"controls\"><source type=\"video\/mp4\" src=\"\/spots\/hir\/hir_210121_04.mp4?_=1\" \/><a href=\"\/spots\/hir\/hir_210121_04.mp4\">\/spots\/hir\/hir_210121_04.mp4<\/a><\/video><\/div><\/p>\n","protected":false},"excerpt":{"rendered":"<p>Term\u00e9szeti form\u00e1k mint\u00e1zataib\u00f3l mer\u00edt inspir\u00e1ci\u00f3t \u00e9s a l\u00e9tez\u00e9s t\u00f6rv\u00e9nyszer\u0171s\u00e9geit mutatja be a grafika eszk\u00f6zeivel Sinka P\u00e9ter. A Szolnoki K\u00e9pz\u0151m\u0171v\u00e9szeti T\u00e1rsas\u00e1g t\u00e1rlat\u00e1n is d\u00edjazott fiatal m\u0171v\u00e9sz alkot\u00e1saib\u00f3l a Szoboszlai Gal\u00e9ri\u00e1ban ny\u00edlt meg a j\u00e1rv\u00e1ny miatt m\u00e1r t\u00f6bbsz\u00f6r elhalasztott ki\u00e1ll\u00edt\u00e1s. &nbsp;<\/p>\n","protected":false},"author":2,"featured_media":0,"comment_status":"closed","ping_status":"closed","sticky":false,"template":"","format":"standard","meta":[],"categories":[6],"tags":[],"_links":{"self":[{"href":"http:\/\/archiv.szolnoktv.hu\/index.php?rest_route=\/wp\/v2\/posts\/3814"}],"collection":[{"href":"http:\/\/archiv.szolnoktv.hu\/index.php?rest_route=\/wp\/v2\/posts"}],"about":[{"href":"http:\/\/archiv.szolnoktv.hu\/index.php?rest_route=\/wp\/v2\/types\/post"}],"author":[{"embeddable":true,"href":"http:\/\/archiv.szolnoktv.hu\/index.php?rest_route=\/wp\/v2\/users\/2"}],"replies":[{"embeddable":true,"href":"http:\/\/archiv.szolnoktv.hu\/index.php?rest_route=%2Fwp%2Fv2%2Fcomments&post=3814"}],"version-history":[{"count":1,"href":"http:\/\/archiv.szolnoktv.hu\/index.php?rest_route=\/wp\/v2\/posts\/3814\/revisions"}],"predecessor-version":[{"id":3831,"href":"http:\/\/archiv.szolnoktv.hu\/index.php?rest_route=\/wp\/v2\/posts\/3814\/revisions\/3831"}],"wp:attachment":[{"href":"http:\/\/archiv.szolnoktv.hu\/index.php?rest_route=%2Fwp%2Fv2%2Fmedia&parent=3814"}],"wp:term":[{"taxonomy":"category","embeddable":true,"href":"http:\/\/archiv.szolnoktv.hu\/index.php?rest_route=%2Fwp%2Fv2%2Fcategories&post=3814"},{"taxonomy":"post_tag","embeddable":true,"href":"http:\/\/archiv.szolnoktv.hu\/index.php?rest_route=%2Fwp%2Fv2%2Ftags&post=3814"}],"curies":[{"name":"wp","href":"https:\/\/api.w.org\/{rel}","templated":true}]}}