{"id":3813,"date":"2021-01-21T17:17:02","date_gmt":"2021-01-21T17:17:02","guid":{"rendered":"http:\/\/archiv.szolnoktv.hu\/?p=3813"},"modified":"2021-08-02T17:56:08","modified_gmt":"2021-08-02T17:56:08","slug":"spartan-szolnok","status":"publish","type":"post","link":"http:\/\/archiv.szolnoktv.hu\/?p=3813","title":{"rendered":"Spartan Szolnok"},"content":{"rendered":"<div class='booster-block booster-read-block'><\/div><p>Embert pr\u00f3b\u00e1l\u00f3 feladatok, t\u00f6bb t\u00edz kilom\u00e9teren kereszt\u00fcl. A Spartan versenyek a legkem\u00e9nyebbeknek val\u00f3, Szolnokon t\u00f6bb mint 30-an k\u00e9sz\u00fclnek nap, mint nap a hazai \u00e9s nemzetk\u00f6zi megm\u00e9rettet\u00e9sekre. A koronav\u00edrus miatt ritk\u00e1bban jutnak ki a szabadba, de a feladatul kapott kih\u00edv\u00e1sokat otthon, a munkahelyen, vagy b\u00e1rhol m\u00e1sutt is teljes\u00edthetik. <br \/> &nbsp;<div style=\"width: 640px;\" class=\"wp-video\"><!--[if lt IE 9]><script>document.createElement('video');<\/script><![endif]-->\n<video class=\"wp-video-shortcode\" id=\"video-3813-1\" width=\"640\" height=\"360\" preload=\"metadata\" controls=\"controls\"><source type=\"video\/mp4\" src=\"\/spots\/hir\/hir_210121_01.mp4?_=1\" \/><a href=\"\/spots\/hir\/hir_210121_01.mp4\">\/spots\/hir\/hir_210121_01.mp4<\/a><\/video><\/div><\/p>\n","protected":false},"excerpt":{"rendered":"<p>Embert pr\u00f3b\u00e1l\u00f3 feladatok, t\u00f6bb t\u00edz kilom\u00e9teren kereszt\u00fcl. A Spartan versenyek a legkem\u00e9nyebbeknek val\u00f3, Szolnokon t\u00f6bb mint 30-an k\u00e9sz\u00fclnek nap, mint nap a hazai \u00e9s nemzetk\u00f6zi megm\u00e9rettet\u00e9sekre. A koronav\u00edrus miatt ritk\u00e1bban jutnak ki a szabadba, de a feladatul kapott kih\u00edv\u00e1sokat otthon, a munkahelyen, vagy b\u00e1rhol m\u00e1sutt is teljes\u00edthetik. &nbsp;<\/p>\n","protected":false},"author":2,"featured_media":0,"comment_status":"closed","ping_status":"closed","sticky":false,"template":"","format":"standard","meta":[],"categories":[6],"tags":[],"_links":{"self":[{"href":"http:\/\/archiv.szolnoktv.hu\/index.php?rest_route=\/wp\/v2\/posts\/3813"}],"collection":[{"href":"http:\/\/archiv.szolnoktv.hu\/index.php?rest_route=\/wp\/v2\/posts"}],"about":[{"href":"http:\/\/archiv.szolnoktv.hu\/index.php?rest_route=\/wp\/v2\/types\/post"}],"author":[{"embeddable":true,"href":"http:\/\/archiv.szolnoktv.hu\/index.php?rest_route=\/wp\/v2\/users\/2"}],"replies":[{"embeddable":true,"href":"http:\/\/archiv.szolnoktv.hu\/index.php?rest_route=%2Fwp%2Fv2%2Fcomments&post=3813"}],"version-history":[{"count":1,"href":"http:\/\/archiv.szolnoktv.hu\/index.php?rest_route=\/wp\/v2\/posts\/3813\/revisions"}],"predecessor-version":[{"id":3832,"href":"http:\/\/archiv.szolnoktv.hu\/index.php?rest_route=\/wp\/v2\/posts\/3813\/revisions\/3832"}],"wp:attachment":[{"href":"http:\/\/archiv.szolnoktv.hu\/index.php?rest_route=%2Fwp%2Fv2%2Fmedia&parent=3813"}],"wp:term":[{"taxonomy":"category","embeddable":true,"href":"http:\/\/archiv.szolnoktv.hu\/index.php?rest_route=%2Fwp%2Fv2%2Fcategories&post=3813"},{"taxonomy":"post_tag","embeddable":true,"href":"http:\/\/archiv.szolnoktv.hu\/index.php?rest_route=%2Fwp%2Fv2%2Ftags&post=3813"}],"curies":[{"name":"wp","href":"https:\/\/api.w.org\/{rel}","templated":true}]}}