{"id":3809,"date":"2021-01-20T18:02:32","date_gmt":"2021-01-20T18:02:32","guid":{"rendered":"http:\/\/archiv.szolnoktv.hu\/?p=3809"},"modified":"2021-08-02T17:56:10","modified_gmt":"2021-08-02T17:56:10","slug":"szallodak-vendeglatas-a-korlatozasok-kozepette","status":"publish","type":"post","link":"http:\/\/archiv.szolnoktv.hu\/?p=3809","title":{"rendered":"Sz\u00e1llod\u00e1k, vend\u00e9gl\u00e1t\u00e1s a korl\u00e1toz\u00e1sok k\u00f6zepette"},"content":{"rendered":"<div class='booster-block booster-read-block'><\/div><p>A sz\u00e1llod\u00e1kban, panzi\u00f3kban csak \u00fczleti c\u00e9lb\u00f3l \u00e9rkez\u0151 vend\u00e9gek sz\u00e1llhatnak meg, a vend\u00e9gl\u00e1t\u00f3helyeken pedig sz\u00fcnetel a helyben fogyaszt\u00e1s. A j\u00e1rv\u00e1ny terjed\u00e9s\u00e9nek megf\u00e9kez\u00e9se \u00e9rdek\u00e9ben hozott int\u00e9zked\u00e9sek m\u00e1r negyedik h\u00f3napja \u00e9rv\u00e9nyesek az idegenforgalomban \u00e9s a vend\u00e9gl\u00e1t\u00e1sban \u00e9rdekelt v\u00e1llalkoz\u00e1sok sz\u00e1m\u00e1ra; a b\u00e9rt\u00e1mogat\u00e1sok \u00e9s a helyi ad\u00f3-k\u00f6nny\u00edt\u00e9sek egy r\u00e9sz\u00fcket m\u00e9g a felsz\u00edn felett tartj\u00e1k.  <br \/> &nbsp;<div style=\"width: 640px;\" class=\"wp-video\"><!--[if lt IE 9]><script>document.createElement('video');<\/script><![endif]-->\n<video class=\"wp-video-shortcode\" id=\"video-3809-1\" width=\"640\" height=\"360\" preload=\"metadata\" controls=\"controls\"><source type=\"video\/mp4\" src=\"\/spots\/hir\/hir_210120_07.mp4?_=1\" \/><a href=\"\/spots\/hir\/hir_210120_07.mp4\">\/spots\/hir\/hir_210120_07.mp4<\/a><\/video><\/div><\/p>\n","protected":false},"excerpt":{"rendered":"<p>A sz\u00e1llod\u00e1kban, panzi\u00f3kban csak \u00fczleti c\u00e9lb\u00f3l \u00e9rkez\u0151 vend\u00e9gek sz\u00e1llhatnak meg, a vend\u00e9gl\u00e1t\u00f3helyeken pedig sz\u00fcnetel a helyben fogyaszt\u00e1s. A j\u00e1rv\u00e1ny terjed\u00e9s\u00e9nek megf\u00e9kez\u00e9se \u00e9rdek\u00e9ben hozott int\u00e9zked\u00e9sek m\u00e1r negyedik h\u00f3napja \u00e9rv\u00e9nyesek az idegenforgalomban \u00e9s a vend\u00e9gl\u00e1t\u00e1sban \u00e9rdekelt v\u00e1llalkoz\u00e1sok sz\u00e1m\u00e1ra; a b\u00e9rt\u00e1mogat\u00e1sok \u00e9s a helyi ad\u00f3-k\u00f6nny\u00edt\u00e9sek egy r\u00e9sz\u00fcket m\u00e9g a felsz\u00edn felett tartj\u00e1k. &nbsp;<\/p>\n","protected":false},"author":2,"featured_media":0,"comment_status":"closed","ping_status":"closed","sticky":false,"template":"","format":"standard","meta":[],"categories":[6],"tags":[],"_links":{"self":[{"href":"http:\/\/archiv.szolnoktv.hu\/index.php?rest_route=\/wp\/v2\/posts\/3809"}],"collection":[{"href":"http:\/\/archiv.szolnoktv.hu\/index.php?rest_route=\/wp\/v2\/posts"}],"about":[{"href":"http:\/\/archiv.szolnoktv.hu\/index.php?rest_route=\/wp\/v2\/types\/post"}],"author":[{"embeddable":true,"href":"http:\/\/archiv.szolnoktv.hu\/index.php?rest_route=\/wp\/v2\/users\/2"}],"replies":[{"embeddable":true,"href":"http:\/\/archiv.szolnoktv.hu\/index.php?rest_route=%2Fwp%2Fv2%2Fcomments&post=3809"}],"version-history":[{"count":1,"href":"http:\/\/archiv.szolnoktv.hu\/index.php?rest_route=\/wp\/v2\/posts\/3809\/revisions"}],"predecessor-version":[{"id":3836,"href":"http:\/\/archiv.szolnoktv.hu\/index.php?rest_route=\/wp\/v2\/posts\/3809\/revisions\/3836"}],"wp:attachment":[{"href":"http:\/\/archiv.szolnoktv.hu\/index.php?rest_route=%2Fwp%2Fv2%2Fmedia&parent=3809"}],"wp:term":[{"taxonomy":"category","embeddable":true,"href":"http:\/\/archiv.szolnoktv.hu\/index.php?rest_route=%2Fwp%2Fv2%2Fcategories&post=3809"},{"taxonomy":"post_tag","embeddable":true,"href":"http:\/\/archiv.szolnoktv.hu\/index.php?rest_route=%2Fwp%2Fv2%2Ftags&post=3809"}],"curies":[{"name":"wp","href":"https:\/\/api.w.org\/{rel}","templated":true}]}}