{"id":3807,"date":"2021-01-20T17:44:56","date_gmt":"2021-01-20T17:44:56","guid":{"rendered":"http:\/\/archiv.szolnoktv.hu\/?p=3807"},"modified":"2021-08-02T17:56:11","modified_gmt":"2021-08-02T17:56:11","slug":"meglevo-ertekeinkrol-kiindulo-fejlesztesek","status":"publish","type":"post","link":"http:\/\/archiv.szolnoktv.hu\/?p=3807","title":{"rendered":"Megl\u00e9v\u0151 \u00e9rt\u00e9keinkr\u0151l kiindul\u00f3 fejleszt\u00e9sek"},"content":{"rendered":"<div class='booster-block booster-read-block'><\/div><p>Elk\u00e9sz\u00fclt a megye \u00e9s a v\u00e1ros 2030-ig sz\u00f3l\u00f3 gazdas\u00e1gfejleszt\u00e9si strat\u00e9gi\u00e1ja, amely hamarosan j\u00f3v\u00e1hagy\u00e1sra a korm\u00e1ny el\u00e9 ker\u00fcl. Err\u0151l h\u00e9tf\u0151i szolnoki sajt\u00f3t\u00e1j\u00e9koztat\u00f3j\u00e1n a ter\u00fclet\u00e9rt felel\u0151s szakminiszter sz\u00e1molt be. Palkovics L\u00e1szl\u00f3 egyebek mellett k\u00f6z\u00f6lte: a most kezd\u0151d\u00f6tt \u00e9vtizedben a megye \u00e9s a v\u00e1ros \u00f6sszesen mintegy 1900 milli\u00e1rd forint fejleszt\u00e9si forr\u00e1shoz juthat. A megyei strat\u00e9gia az id\u00e9n 145 \u00e9ves megye megl\u00e9v\u0151 \u00e9rt\u00e9keire \u00e9s adotts\u00e1gaira alapozva 6 \u00e1gazat fejleszt\u00e9si ir\u00e1nyait fogalmazza meg.  <br \/> &nbsp;<div style=\"width: 640px;\" class=\"wp-video\"><!--[if lt IE 9]><script>document.createElement('video');<\/script><![endif]-->\n<video class=\"wp-video-shortcode\" id=\"video-3807-1\" width=\"640\" height=\"360\" preload=\"metadata\" controls=\"controls\"><source type=\"video\/mp4\" src=\"\/spots\/hir\/hir_210120_06.mp4?_=1\" \/><a href=\"\/spots\/hir\/hir_210120_06.mp4\">\/spots\/hir\/hir_210120_06.mp4<\/a><\/video><\/div><\/p>\n","protected":false},"excerpt":{"rendered":"<p>Elk\u00e9sz\u00fclt a megye \u00e9s a v\u00e1ros 2030-ig sz\u00f3l\u00f3 gazdas\u00e1gfejleszt\u00e9si strat\u00e9gi\u00e1ja, amely hamarosan j\u00f3v\u00e1hagy\u00e1sra a korm\u00e1ny el\u00e9 ker\u00fcl. Err\u0151l h\u00e9tf\u0151i szolnoki sajt\u00f3t\u00e1j\u00e9koztat\u00f3j\u00e1n a ter\u00fclet\u00e9rt felel\u0151s szakminiszter sz\u00e1molt be. Palkovics L\u00e1szl\u00f3 egyebek mellett k\u00f6z\u00f6lte: a most kezd\u0151d\u00f6tt \u00e9vtizedben a megye \u00e9s a v\u00e1ros \u00f6sszesen mintegy 1900 milli\u00e1rd forint fejleszt\u00e9si forr\u00e1shoz juthat. A megyei strat\u00e9gia az id\u00e9n 145 [&hellip;]<\/p>\n","protected":false},"author":2,"featured_media":0,"comment_status":"closed","ping_status":"closed","sticky":false,"template":"","format":"standard","meta":[],"categories":[6],"tags":[],"_links":{"self":[{"href":"http:\/\/archiv.szolnoktv.hu\/index.php?rest_route=\/wp\/v2\/posts\/3807"}],"collection":[{"href":"http:\/\/archiv.szolnoktv.hu\/index.php?rest_route=\/wp\/v2\/posts"}],"about":[{"href":"http:\/\/archiv.szolnoktv.hu\/index.php?rest_route=\/wp\/v2\/types\/post"}],"author":[{"embeddable":true,"href":"http:\/\/archiv.szolnoktv.hu\/index.php?rest_route=\/wp\/v2\/users\/2"}],"replies":[{"embeddable":true,"href":"http:\/\/archiv.szolnoktv.hu\/index.php?rest_route=%2Fwp%2Fv2%2Fcomments&post=3807"}],"version-history":[{"count":1,"href":"http:\/\/archiv.szolnoktv.hu\/index.php?rest_route=\/wp\/v2\/posts\/3807\/revisions"}],"predecessor-version":[{"id":3838,"href":"http:\/\/archiv.szolnoktv.hu\/index.php?rest_route=\/wp\/v2\/posts\/3807\/revisions\/3838"}],"wp:attachment":[{"href":"http:\/\/archiv.szolnoktv.hu\/index.php?rest_route=%2Fwp%2Fv2%2Fmedia&parent=3807"}],"wp:term":[{"taxonomy":"category","embeddable":true,"href":"http:\/\/archiv.szolnoktv.hu\/index.php?rest_route=%2Fwp%2Fv2%2Fcategories&post=3807"},{"taxonomy":"post_tag","embeddable":true,"href":"http:\/\/archiv.szolnoktv.hu\/index.php?rest_route=%2Fwp%2Fv2%2Ftags&post=3807"}],"curies":[{"name":"wp","href":"https:\/\/api.w.org\/{rel}","templated":true}]}}