{"id":3805,"date":"2021-01-20T16:26:38","date_gmt":"2021-01-20T16:26:38","guid":{"rendered":"http:\/\/archiv.szolnoktv.hu\/?p=3805"},"modified":"2021-08-02T17:56:11","modified_gmt":"2021-08-02T17:56:11","slug":"uj-magazinmusor-indul","status":"publish","type":"post","link":"http:\/\/archiv.szolnoktv.hu\/?p=3805","title":{"rendered":"\u00daj magazinm\u0171sor indul"},"content":{"rendered":"<div class='booster-block booster-read-block'><\/div><p>Az \u00faj \u00e9vben \u00faj m\u0171sorokkal b\u0151v\u00fcl telev\u00edzi\u00f3nk k\u00edn\u00e1lata. Ezek k\u00f6z\u00fcl n\u00e9melyik m\u00e9g csak a tervez\u00e9s szakasz\u00e1ban tart, van azonban olyan is, amelynek m\u00e1r elkezd\u0151d\u00f6tt a forgat\u00e1sa. Torda Ferenc koll\u00e9g\u00e1nk \u00faj magazinm\u0171sora p\u00e9ld\u00e1ul az ut\u00f3bbi kateg\u00f3ri\u00e1ba tartozik.   <br \/> &nbsp;<div style=\"width: 640px;\" class=\"wp-video\"><!--[if lt IE 9]><script>document.createElement('video');<\/script><![endif]-->\n<video class=\"wp-video-shortcode\" id=\"video-3805-1\" width=\"640\" height=\"360\" preload=\"metadata\" controls=\"controls\"><source type=\"video\/mp4\" src=\"\/spots\/hir\/hir_210120_01.mp4?_=1\" \/><a href=\"\/spots\/hir\/hir_210120_01.mp4\">\/spots\/hir\/hir_210120_01.mp4<\/a><\/video><\/div><\/p>\n","protected":false},"excerpt":{"rendered":"<p>Az \u00faj \u00e9vben \u00faj m\u0171sorokkal b\u0151v\u00fcl telev\u00edzi\u00f3nk k\u00edn\u00e1lata. Ezek k\u00f6z\u00fcl n\u00e9melyik m\u00e9g csak a tervez\u00e9s szakasz\u00e1ban tart, van azonban olyan is, amelynek m\u00e1r elkezd\u0151d\u00f6tt a forgat\u00e1sa. Torda Ferenc koll\u00e9g\u00e1nk \u00faj magazinm\u0171sora p\u00e9ld\u00e1ul az ut\u00f3bbi kateg\u00f3ri\u00e1ba tartozik. &nbsp;<\/p>\n","protected":false},"author":2,"featured_media":0,"comment_status":"closed","ping_status":"closed","sticky":false,"template":"","format":"standard","meta":[],"categories":[6],"tags":[],"_links":{"self":[{"href":"http:\/\/archiv.szolnoktv.hu\/index.php?rest_route=\/wp\/v2\/posts\/3805"}],"collection":[{"href":"http:\/\/archiv.szolnoktv.hu\/index.php?rest_route=\/wp\/v2\/posts"}],"about":[{"href":"http:\/\/archiv.szolnoktv.hu\/index.php?rest_route=\/wp\/v2\/types\/post"}],"author":[{"embeddable":true,"href":"http:\/\/archiv.szolnoktv.hu\/index.php?rest_route=\/wp\/v2\/users\/2"}],"replies":[{"embeddable":true,"href":"http:\/\/archiv.szolnoktv.hu\/index.php?rest_route=%2Fwp%2Fv2%2Fcomments&post=3805"}],"version-history":[{"count":1,"href":"http:\/\/archiv.szolnoktv.hu\/index.php?rest_route=\/wp\/v2\/posts\/3805\/revisions"}],"predecessor-version":[{"id":3840,"href":"http:\/\/archiv.szolnoktv.hu\/index.php?rest_route=\/wp\/v2\/posts\/3805\/revisions\/3840"}],"wp:attachment":[{"href":"http:\/\/archiv.szolnoktv.hu\/index.php?rest_route=%2Fwp%2Fv2%2Fmedia&parent=3805"}],"wp:term":[{"taxonomy":"category","embeddable":true,"href":"http:\/\/archiv.szolnoktv.hu\/index.php?rest_route=%2Fwp%2Fv2%2Fcategories&post=3805"},{"taxonomy":"post_tag","embeddable":true,"href":"http:\/\/archiv.szolnoktv.hu\/index.php?rest_route=%2Fwp%2Fv2%2Ftags&post=3805"}],"curies":[{"name":"wp","href":"https:\/\/api.w.org\/{rel}","templated":true}]}}