{"id":3803,"date":"2021-01-20T16:11:45","date_gmt":"2021-01-20T16:11:45","guid":{"rendered":"http:\/\/archiv.szolnoktv.hu\/?p=3803"},"modified":"2021-08-02T17:56:12","modified_gmt":"2021-08-02T17:56:12","slug":"piros-fekete-rangado","status":"publish","type":"post","link":"http:\/\/archiv.szolnoktv.hu\/?p=3803","title":{"rendered":"Piros-fekete rangad\u00f3"},"content":{"rendered":"<div class='booster-block booster-read-block'><\/div><p>A f\u00e9rfi kos\u00e1rlabda bajnoks\u00e1g hetedik fordul\u00f3j\u00e1b\u00f3l elhalasztott piros-fekete rangad\u00f3t p\u00f3tolt\u00e1k tegnap este. A Szolnoki Olajb\u00e1ny\u00e1sz a K\u00f6rmendet fogadta. <br \/> &nbsp;<div style=\"width: 640px;\" class=\"wp-video\"><!--[if lt IE 9]><script>document.createElement('video');<\/script><![endif]-->\n<video class=\"wp-video-shortcode\" id=\"video-3803-1\" width=\"640\" height=\"360\" preload=\"metadata\" controls=\"controls\"><source type=\"video\/mp4\" src=\"\/spots\/hir\/hir_210120_03.mp4?_=1\" \/><a href=\"\/spots\/hir\/hir_210120_03.mp4\">\/spots\/hir\/hir_210120_03.mp4<\/a><\/video><\/div><\/p>\n","protected":false},"excerpt":{"rendered":"<p>A f\u00e9rfi kos\u00e1rlabda bajnoks\u00e1g hetedik fordul\u00f3j\u00e1b\u00f3l elhalasztott piros-fekete rangad\u00f3t p\u00f3tolt\u00e1k tegnap este. A Szolnoki Olajb\u00e1ny\u00e1sz a K\u00f6rmendet fogadta. &nbsp;<\/p>\n","protected":false},"author":2,"featured_media":0,"comment_status":"closed","ping_status":"closed","sticky":false,"template":"","format":"standard","meta":[],"categories":[6],"tags":[],"_links":{"self":[{"href":"http:\/\/archiv.szolnoktv.hu\/index.php?rest_route=\/wp\/v2\/posts\/3803"}],"collection":[{"href":"http:\/\/archiv.szolnoktv.hu\/index.php?rest_route=\/wp\/v2\/posts"}],"about":[{"href":"http:\/\/archiv.szolnoktv.hu\/index.php?rest_route=\/wp\/v2\/types\/post"}],"author":[{"embeddable":true,"href":"http:\/\/archiv.szolnoktv.hu\/index.php?rest_route=\/wp\/v2\/users\/2"}],"replies":[{"embeddable":true,"href":"http:\/\/archiv.szolnoktv.hu\/index.php?rest_route=%2Fwp%2Fv2%2Fcomments&post=3803"}],"version-history":[{"count":1,"href":"http:\/\/archiv.szolnoktv.hu\/index.php?rest_route=\/wp\/v2\/posts\/3803\/revisions"}],"predecessor-version":[{"id":3842,"href":"http:\/\/archiv.szolnoktv.hu\/index.php?rest_route=\/wp\/v2\/posts\/3803\/revisions\/3842"}],"wp:attachment":[{"href":"http:\/\/archiv.szolnoktv.hu\/index.php?rest_route=%2Fwp%2Fv2%2Fmedia&parent=3803"}],"wp:term":[{"taxonomy":"category","embeddable":true,"href":"http:\/\/archiv.szolnoktv.hu\/index.php?rest_route=%2Fwp%2Fv2%2Fcategories&post=3803"},{"taxonomy":"post_tag","embeddable":true,"href":"http:\/\/archiv.szolnoktv.hu\/index.php?rest_route=%2Fwp%2Fv2%2Ftags&post=3803"}],"curies":[{"name":"wp","href":"https:\/\/api.w.org\/{rel}","templated":true}]}}