{"id":3800,"date":"2021-01-19T17:14:26","date_gmt":"2021-01-19T17:14:26","guid":{"rendered":"http:\/\/archiv.szolnoktv.hu\/?p=3800"},"modified":"2021-08-02T17:56:29","modified_gmt":"2021-08-02T17:56:29","slug":"kivetiton-a-varos-ertekei","status":"publish","type":"post","link":"http:\/\/archiv.szolnoktv.hu\/?p=3800","title":{"rendered":"Kivet\u00edt\u0151n a v\u00e1ros \u00e9rt\u00e9kei"},"content":{"rendered":"<div class='booster-block booster-read-block'><\/div><p>Kanap\u00e9koncertek \u00e9s vide\u00f3workshopok ut\u00e1n \u00fajabb meglepet\u00e9ssel kedveskedik a kult\u00faraszeret\u0151 k\u00f6z\u00f6ns\u00e9gnek az Aba-Nov\u00e1k Ag\u00f3ra Kultur\u00e1lis K\u00f6zpont. A Hild t\u00e9ren m\u00e1r fel\u00e9p\u00fclt az az \u00f3ri\u00e1skivet\u00edt\u0151, amelyen p\u00e9nteken, a magyar kult\u00fara napj\u00e1n \u00fcnnepi \u00f6ssze\u00e1ll\u00edt\u00e1st l\u00e1thatnak majd az arra j\u00e1r\u00f3k. rn  <br \/>  &nbsp;<div style=\"width: 640px;\" class=\"wp-video\"><!--[if lt IE 9]><script>document.createElement('video');<\/script><![endif]-->\n<video class=\"wp-video-shortcode\" id=\"video-3800-1\" width=\"640\" height=\"360\" preload=\"metadata\" controls=\"controls\"><source type=\"video\/mp4\" src=\"\/spots\/hir\/hir_210119_06.mp4?_=1\" \/><a href=\"\/spots\/hir\/hir_210119_06.mp4\">\/spots\/hir\/hir_210119_06.mp4<\/a><\/video><\/div><\/p>\n","protected":false},"excerpt":{"rendered":"<p>Kanap\u00e9koncertek \u00e9s vide\u00f3workshopok ut\u00e1n \u00fajabb meglepet\u00e9ssel kedveskedik a kult\u00faraszeret\u0151 k\u00f6z\u00f6ns\u00e9gnek az Aba-Nov\u00e1k Ag\u00f3ra Kultur\u00e1lis K\u00f6zpont. A Hild t\u00e9ren m\u00e1r fel\u00e9p\u00fclt az az \u00f3ri\u00e1skivet\u00edt\u0151, amelyen p\u00e9nteken, a magyar kult\u00fara napj\u00e1n \u00fcnnepi \u00f6ssze\u00e1ll\u00edt\u00e1st l\u00e1thatnak majd az arra j\u00e1r\u00f3k. rn &nbsp;<\/p>\n","protected":false},"author":2,"featured_media":0,"comment_status":"closed","ping_status":"closed","sticky":false,"template":"","format":"standard","meta":[],"categories":[6],"tags":[],"_links":{"self":[{"href":"http:\/\/archiv.szolnoktv.hu\/index.php?rest_route=\/wp\/v2\/posts\/3800"}],"collection":[{"href":"http:\/\/archiv.szolnoktv.hu\/index.php?rest_route=\/wp\/v2\/posts"}],"about":[{"href":"http:\/\/archiv.szolnoktv.hu\/index.php?rest_route=\/wp\/v2\/types\/post"}],"author":[{"embeddable":true,"href":"http:\/\/archiv.szolnoktv.hu\/index.php?rest_route=\/wp\/v2\/users\/2"}],"replies":[{"embeddable":true,"href":"http:\/\/archiv.szolnoktv.hu\/index.php?rest_route=%2Fwp%2Fv2%2Fcomments&post=3800"}],"version-history":[{"count":1,"href":"http:\/\/archiv.szolnoktv.hu\/index.php?rest_route=\/wp\/v2\/posts\/3800\/revisions"}],"predecessor-version":[{"id":3845,"href":"http:\/\/archiv.szolnoktv.hu\/index.php?rest_route=\/wp\/v2\/posts\/3800\/revisions\/3845"}],"wp:attachment":[{"href":"http:\/\/archiv.szolnoktv.hu\/index.php?rest_route=%2Fwp%2Fv2%2Fmedia&parent=3800"}],"wp:term":[{"taxonomy":"category","embeddable":true,"href":"http:\/\/archiv.szolnoktv.hu\/index.php?rest_route=%2Fwp%2Fv2%2Fcategories&post=3800"},{"taxonomy":"post_tag","embeddable":true,"href":"http:\/\/archiv.szolnoktv.hu\/index.php?rest_route=%2Fwp%2Fv2%2Ftags&post=3800"}],"curies":[{"name":"wp","href":"https:\/\/api.w.org\/{rel}","templated":true}]}}