{"id":3798,"date":"2021-01-19T16:57:48","date_gmt":"2021-01-19T16:57:48","guid":{"rendered":"http:\/\/archiv.szolnoktv.hu\/?p=3798"},"modified":"2021-08-02T17:56:29","modified_gmt":"2021-08-02T17:56:29","slug":"legszennyezettseg-koronavirus-koncentracio","status":"publish","type":"post","link":"http:\/\/archiv.szolnoktv.hu\/?p=3798","title":{"rendered":"L\u00e9gszennyezetts\u00e9g, koronav\u00edrus-koncentr\u00e1ci\u00f3"},"content":{"rendered":"<div class='booster-block booster-read-block'><\/div><p>T\u00f6bb telep\u00fcl\u00e9sen, k\u00f6zt\u00fck Szolnokon is gondot okoz a leveg\u0151 min\u0151s\u00e9ge a sz\u00e1ll\u00f3 por miatt. A koronav\u00edrus szennyv\u00edzben m\u00e9rt koncentr\u00e1ci\u00f3ja viszont orsz\u00e1gszerte stagn\u00e1l. rn <br \/> &nbsp;<div style=\"width: 640px;\" class=\"wp-video\"><!--[if lt IE 9]><script>document.createElement('video');<\/script><![endif]-->\n<video class=\"wp-video-shortcode\" id=\"video-3798-1\" width=\"640\" height=\"360\" preload=\"metadata\" controls=\"controls\"><source type=\"video\/mp4\" src=\"\/spots\/hir\/hir_210119_04.mp4?_=1\" \/><a href=\"\/spots\/hir\/hir_210119_04.mp4\">\/spots\/hir\/hir_210119_04.mp4<\/a><\/video><\/div><\/p>\n","protected":false},"excerpt":{"rendered":"<p>T\u00f6bb telep\u00fcl\u00e9sen, k\u00f6zt\u00fck Szolnokon is gondot okoz a leveg\u0151 min\u0151s\u00e9ge a sz\u00e1ll\u00f3 por miatt. A koronav\u00edrus szennyv\u00edzben m\u00e9rt koncentr\u00e1ci\u00f3ja viszont orsz\u00e1gszerte stagn\u00e1l. rn &nbsp;<\/p>\n","protected":false},"author":2,"featured_media":0,"comment_status":"closed","ping_status":"closed","sticky":false,"template":"","format":"standard","meta":[],"categories":[6],"tags":[],"_links":{"self":[{"href":"http:\/\/archiv.szolnoktv.hu\/index.php?rest_route=\/wp\/v2\/posts\/3798"}],"collection":[{"href":"http:\/\/archiv.szolnoktv.hu\/index.php?rest_route=\/wp\/v2\/posts"}],"about":[{"href":"http:\/\/archiv.szolnoktv.hu\/index.php?rest_route=\/wp\/v2\/types\/post"}],"author":[{"embeddable":true,"href":"http:\/\/archiv.szolnoktv.hu\/index.php?rest_route=\/wp\/v2\/users\/2"}],"replies":[{"embeddable":true,"href":"http:\/\/archiv.szolnoktv.hu\/index.php?rest_route=%2Fwp%2Fv2%2Fcomments&post=3798"}],"version-history":[{"count":1,"href":"http:\/\/archiv.szolnoktv.hu\/index.php?rest_route=\/wp\/v2\/posts\/3798\/revisions"}],"predecessor-version":[{"id":3847,"href":"http:\/\/archiv.szolnoktv.hu\/index.php?rest_route=\/wp\/v2\/posts\/3798\/revisions\/3847"}],"wp:attachment":[{"href":"http:\/\/archiv.szolnoktv.hu\/index.php?rest_route=%2Fwp%2Fv2%2Fmedia&parent=3798"}],"wp:term":[{"taxonomy":"category","embeddable":true,"href":"http:\/\/archiv.szolnoktv.hu\/index.php?rest_route=%2Fwp%2Fv2%2Fcategories&post=3798"},{"taxonomy":"post_tag","embeddable":true,"href":"http:\/\/archiv.szolnoktv.hu\/index.php?rest_route=%2Fwp%2Fv2%2Ftags&post=3798"}],"curies":[{"name":"wp","href":"https:\/\/api.w.org\/{rel}","templated":true}]}}