{"id":3797,"date":"2021-01-19T16:50:10","date_gmt":"2021-01-19T16:50:10","guid":{"rendered":"http:\/\/archiv.szolnoktv.hu\/?p=3797"},"modified":"2021-08-02T17:56:30","modified_gmt":"2021-08-02T17:56:30","slug":"tragedia-a-hegyen","status":"publish","type":"post","link":"http:\/\/archiv.szolnoktv.hu\/?p=3797","title":{"rendered":"Trag\u00e9dia a hegyen"},"content":{"rendered":"<div class='booster-block booster-read-block'><\/div><p>V\u00e9get \u00e9rt az exped\u00edci\u00f3. Es\u00e9ly sem volt a Broad Peak cs\u00facst\u00e1mad\u00e1s\u00e1ra. Szlank\u00f3 Zolt\u00e1n amerikai t\u00e1rsa ugyanis \u00e9let\u00e9t vesztette az akklimatiz\u00e1ci\u00f3s hegyen. rn <br \/> &nbsp;<div style=\"width: 640px;\" class=\"wp-video\"><!--[if lt IE 9]><script>document.createElement('video');<\/script><![endif]-->\n<video class=\"wp-video-shortcode\" id=\"video-3797-1\" width=\"640\" height=\"360\" preload=\"metadata\" controls=\"controls\"><source type=\"video\/mp4\" src=\"\/spots\/hir\/hir_210119_03.mp4?_=1\" \/><a href=\"\/spots\/hir\/hir_210119_03.mp4\">\/spots\/hir\/hir_210119_03.mp4<\/a><\/video><\/div><\/p>\n","protected":false},"excerpt":{"rendered":"<p>V\u00e9get \u00e9rt az exped\u00edci\u00f3. Es\u00e9ly sem volt a Broad Peak cs\u00facst\u00e1mad\u00e1s\u00e1ra. Szlank\u00f3 Zolt\u00e1n amerikai t\u00e1rsa ugyanis \u00e9let\u00e9t vesztette az akklimatiz\u00e1ci\u00f3s hegyen. rn &nbsp;<\/p>\n","protected":false},"author":2,"featured_media":0,"comment_status":"closed","ping_status":"closed","sticky":false,"template":"","format":"standard","meta":[],"categories":[6],"tags":[],"_links":{"self":[{"href":"http:\/\/archiv.szolnoktv.hu\/index.php?rest_route=\/wp\/v2\/posts\/3797"}],"collection":[{"href":"http:\/\/archiv.szolnoktv.hu\/index.php?rest_route=\/wp\/v2\/posts"}],"about":[{"href":"http:\/\/archiv.szolnoktv.hu\/index.php?rest_route=\/wp\/v2\/types\/post"}],"author":[{"embeddable":true,"href":"http:\/\/archiv.szolnoktv.hu\/index.php?rest_route=\/wp\/v2\/users\/2"}],"replies":[{"embeddable":true,"href":"http:\/\/archiv.szolnoktv.hu\/index.php?rest_route=%2Fwp%2Fv2%2Fcomments&post=3797"}],"version-history":[{"count":1,"href":"http:\/\/archiv.szolnoktv.hu\/index.php?rest_route=\/wp\/v2\/posts\/3797\/revisions"}],"predecessor-version":[{"id":3848,"href":"http:\/\/archiv.szolnoktv.hu\/index.php?rest_route=\/wp\/v2\/posts\/3797\/revisions\/3848"}],"wp:attachment":[{"href":"http:\/\/archiv.szolnoktv.hu\/index.php?rest_route=%2Fwp%2Fv2%2Fmedia&parent=3797"}],"wp:term":[{"taxonomy":"category","embeddable":true,"href":"http:\/\/archiv.szolnoktv.hu\/index.php?rest_route=%2Fwp%2Fv2%2Fcategories&post=3797"},{"taxonomy":"post_tag","embeddable":true,"href":"http:\/\/archiv.szolnoktv.hu\/index.php?rest_route=%2Fwp%2Fv2%2Ftags&post=3797"}],"curies":[{"name":"wp","href":"https:\/\/api.w.org\/{rel}","templated":true}]}}