{"id":3796,"date":"2021-01-19T16:41:33","date_gmt":"2021-01-19T16:41:33","guid":{"rendered":"http:\/\/archiv.szolnoktv.hu\/?p=3796"},"modified":"2021-08-02T17:56:30","modified_gmt":"2021-08-02T17:56:30","slug":"buntetheto-a-halapenz","status":"publish","type":"post","link":"http:\/\/archiv.szolnoktv.hu\/?p=3796","title":{"rendered":"B\u00fcntethet\u0151 a h\u00e1lap\u00e9nz"},"content":{"rendered":"<div class='booster-block booster-read-block'><\/div><p>Egy \u00e9vig tart\u00f3 szabads\u00e1gveszt\u00e9ssel b\u00fcntethet\u0151 janu\u00e1r elsej\u00e9t\u0151l aki h\u00e1lap\u00e9nzt ad vagy fogad el. Inform\u00e1ci\u00f3ink szerint a most sz\u00fcl\u0151 n\u0151kn\u00e9l m\u00e1r nem lehet bent v\u00e1lasztott orvosuk, ugyanakkor \u00e9pp a sz\u00fcl\u00e9szet \u00e9rz\u00e9keny ter\u00fclete a rendelkez\u00e9snek. rn <br \/> &nbsp;<div style=\"width: 640px;\" class=\"wp-video\"><!--[if lt IE 9]><script>document.createElement('video');<\/script><![endif]-->\n<video class=\"wp-video-shortcode\" id=\"video-3796-1\" width=\"640\" height=\"360\" preload=\"metadata\" controls=\"controls\"><source type=\"video\/mp4\" src=\"\/spots\/hir\/hir_210119_02.mp4?_=1\" \/><a href=\"\/spots\/hir\/hir_210119_02.mp4\">\/spots\/hir\/hir_210119_02.mp4<\/a><\/video><\/div><\/p>\n","protected":false},"excerpt":{"rendered":"<p>Egy \u00e9vig tart\u00f3 szabads\u00e1gveszt\u00e9ssel b\u00fcntethet\u0151 janu\u00e1r elsej\u00e9t\u0151l aki h\u00e1lap\u00e9nzt ad vagy fogad el. Inform\u00e1ci\u00f3ink szerint a most sz\u00fcl\u0151 n\u0151kn\u00e9l m\u00e1r nem lehet bent v\u00e1lasztott orvosuk, ugyanakkor \u00e9pp a sz\u00fcl\u00e9szet \u00e9rz\u00e9keny ter\u00fclete a rendelkez\u00e9snek. rn &nbsp;<\/p>\n","protected":false},"author":2,"featured_media":0,"comment_status":"closed","ping_status":"closed","sticky":false,"template":"","format":"standard","meta":[],"categories":[6],"tags":[],"_links":{"self":[{"href":"http:\/\/archiv.szolnoktv.hu\/index.php?rest_route=\/wp\/v2\/posts\/3796"}],"collection":[{"href":"http:\/\/archiv.szolnoktv.hu\/index.php?rest_route=\/wp\/v2\/posts"}],"about":[{"href":"http:\/\/archiv.szolnoktv.hu\/index.php?rest_route=\/wp\/v2\/types\/post"}],"author":[{"embeddable":true,"href":"http:\/\/archiv.szolnoktv.hu\/index.php?rest_route=\/wp\/v2\/users\/2"}],"replies":[{"embeddable":true,"href":"http:\/\/archiv.szolnoktv.hu\/index.php?rest_route=%2Fwp%2Fv2%2Fcomments&post=3796"}],"version-history":[{"count":1,"href":"http:\/\/archiv.szolnoktv.hu\/index.php?rest_route=\/wp\/v2\/posts\/3796\/revisions"}],"predecessor-version":[{"id":3849,"href":"http:\/\/archiv.szolnoktv.hu\/index.php?rest_route=\/wp\/v2\/posts\/3796\/revisions\/3849"}],"wp:attachment":[{"href":"http:\/\/archiv.szolnoktv.hu\/index.php?rest_route=%2Fwp%2Fv2%2Fmedia&parent=3796"}],"wp:term":[{"taxonomy":"category","embeddable":true,"href":"http:\/\/archiv.szolnoktv.hu\/index.php?rest_route=%2Fwp%2Fv2%2Fcategories&post=3796"},{"taxonomy":"post_tag","embeddable":true,"href":"http:\/\/archiv.szolnoktv.hu\/index.php?rest_route=%2Fwp%2Fv2%2Ftags&post=3796"}],"curies":[{"name":"wp","href":"https:\/\/api.w.org\/{rel}","templated":true}]}}