{"id":3795,"date":"2021-01-19T16:34:57","date_gmt":"2021-01-19T16:34:57","guid":{"rendered":"http:\/\/archiv.szolnoktv.hu\/?p=3795"},"modified":"2021-08-02T17:56:30","modified_gmt":"2021-08-02T17:56:30","slug":"alfa-nova-futes","status":"publish","type":"post","link":"http:\/\/archiv.szolnoktv.hu\/?p=3795","title":{"rendered":"Alfa Nova f\u0171t\u00e9s"},"content":{"rendered":"<div class='booster-block booster-read-block'><\/div><p>Nagyobb f\u0171t\u00e9skapacit\u00e1s, de m\u00e9g vannak tartal\u00e9kok. Az elm\u00falt napok hideg id\u0151j\u00e1r\u00e1sa a f\u0171t\u00e9sben is megmutatkozott. Az Alfa Nov\u00e1n\u00e1l az elm\u00falt hetekhez k\u00e9pest egynegyed\u00e9vel emelkedett a t\u00e1vf\u0171t\u00f6tt lak\u00e1sok h\u0151felhaszn\u00e1l\u00e1sa, ez azonban megfelel egy \u00e1tlagos t\u00e9li napnak. A rendszer enn\u00e9l j\u00f3val hidegebbet is elb\u00edr.rn <br \/> &nbsp;<div style=\"width: 640px;\" class=\"wp-video\"><!--[if lt IE 9]><script>document.createElement('video');<\/script><![endif]-->\n<video class=\"wp-video-shortcode\" id=\"video-3795-1\" width=\"640\" height=\"360\" preload=\"metadata\" controls=\"controls\"><source type=\"video\/mp4\" src=\"\/spots\/hir\/hir_210119_01.mp4?_=1\" \/><a href=\"\/spots\/hir\/hir_210119_01.mp4\">\/spots\/hir\/hir_210119_01.mp4<\/a><\/video><\/div><\/p>\n","protected":false},"excerpt":{"rendered":"<p>Nagyobb f\u0171t\u00e9skapacit\u00e1s, de m\u00e9g vannak tartal\u00e9kok. Az elm\u00falt napok hideg id\u0151j\u00e1r\u00e1sa a f\u0171t\u00e9sben is megmutatkozott. Az Alfa Nov\u00e1n\u00e1l az elm\u00falt hetekhez k\u00e9pest egynegyed\u00e9vel emelkedett a t\u00e1vf\u0171t\u00f6tt lak\u00e1sok h\u0151felhaszn\u00e1l\u00e1sa, ez azonban megfelel egy \u00e1tlagos t\u00e9li napnak. A rendszer enn\u00e9l j\u00f3val hidegebbet is elb\u00edr.rn &nbsp;<\/p>\n","protected":false},"author":2,"featured_media":0,"comment_status":"closed","ping_status":"closed","sticky":false,"template":"","format":"standard","meta":[],"categories":[6],"tags":[],"_links":{"self":[{"href":"http:\/\/archiv.szolnoktv.hu\/index.php?rest_route=\/wp\/v2\/posts\/3795"}],"collection":[{"href":"http:\/\/archiv.szolnoktv.hu\/index.php?rest_route=\/wp\/v2\/posts"}],"about":[{"href":"http:\/\/archiv.szolnoktv.hu\/index.php?rest_route=\/wp\/v2\/types\/post"}],"author":[{"embeddable":true,"href":"http:\/\/archiv.szolnoktv.hu\/index.php?rest_route=\/wp\/v2\/users\/2"}],"replies":[{"embeddable":true,"href":"http:\/\/archiv.szolnoktv.hu\/index.php?rest_route=%2Fwp%2Fv2%2Fcomments&post=3795"}],"version-history":[{"count":1,"href":"http:\/\/archiv.szolnoktv.hu\/index.php?rest_route=\/wp\/v2\/posts\/3795\/revisions"}],"predecessor-version":[{"id":3850,"href":"http:\/\/archiv.szolnoktv.hu\/index.php?rest_route=\/wp\/v2\/posts\/3795\/revisions\/3850"}],"wp:attachment":[{"href":"http:\/\/archiv.szolnoktv.hu\/index.php?rest_route=%2Fwp%2Fv2%2Fmedia&parent=3795"}],"wp:term":[{"taxonomy":"category","embeddable":true,"href":"http:\/\/archiv.szolnoktv.hu\/index.php?rest_route=%2Fwp%2Fv2%2Fcategories&post=3795"},{"taxonomy":"post_tag","embeddable":true,"href":"http:\/\/archiv.szolnoktv.hu\/index.php?rest_route=%2Fwp%2Fv2%2Ftags&post=3795"}],"curies":[{"name":"wp","href":"https:\/\/api.w.org\/{rel}","templated":true}]}}