{"id":3760,"date":"2021-01-18T18:31:44","date_gmt":"2021-01-18T18:31:44","guid":{"rendered":"http:\/\/archiv.szolnoktv.hu\/?p=3760"},"modified":"2021-08-02T17:50:25","modified_gmt":"2021-08-02T17:50:25","slug":"etetik-a-vadat-a-hatarban","status":"publish","type":"post","link":"http:\/\/archiv.szolnoktv.hu\/?p=3760","title":{"rendered":"Etetik a vadat a hat\u00e1rban"},"content":{"rendered":"<div class='booster-block booster-read-block'><\/div><p>A rendk\u00edv\u00fcli hideget a vad is meg\u00e9rzi. Ilyenkor j\u00f3val t\u00f6bb takarm\u00e1ny fogy az etet\u0151kb\u0151l. A vad\u00e1szatra jogosultak k\u00f6teless\u00e9ge a t\u00e9li gondoskod\u00e1s&#8230; m\u00e9g akkor is, ha a tavalyihoz hasonl\u00f3 sz\u0171k\u00f6s esztend\u0151ben kell forr\u00e1st biztos\u00edtani a takarm\u00e1nyra. A megye vad\u00e1szt\u00e1rsas\u00e1gai id\u0151ben f\u00f6lk\u00e9sz\u00fcltek a hidegre. <br \/> &nbsp;<div style=\"width: 640px;\" class=\"wp-video\"><!--[if lt IE 9]><script>document.createElement('video');<\/script><![endif]-->\n<video class=\"wp-video-shortcode\" id=\"video-3760-1\" width=\"640\" height=\"360\" preload=\"metadata\" controls=\"controls\"><source type=\"video\/mp4\" src=\"\/spots\/hir\/hir_210118_07.mp4?_=1\" \/><a href=\"\/spots\/hir\/hir_210118_07.mp4\">\/spots\/hir\/hir_210118_07.mp4<\/a><\/video><\/div><\/p>\n","protected":false},"excerpt":{"rendered":"<p>A rendk\u00edv\u00fcli hideget a vad is meg\u00e9rzi. Ilyenkor j\u00f3val t\u00f6bb takarm\u00e1ny fogy az etet\u0151kb\u0151l. A vad\u00e1szatra jogosultak k\u00f6teless\u00e9ge a t\u00e9li gondoskod\u00e1s&#8230; m\u00e9g akkor is, ha a tavalyihoz hasonl\u00f3 sz\u0171k\u00f6s esztend\u0151ben kell forr\u00e1st biztos\u00edtani a takarm\u00e1nyra. A megye vad\u00e1szt\u00e1rsas\u00e1gai id\u0151ben f\u00f6lk\u00e9sz\u00fcltek a hidegre. &nbsp;<\/p>\n","protected":false},"author":2,"featured_media":0,"comment_status":"closed","ping_status":"closed","sticky":false,"template":"","format":"standard","meta":[],"categories":[6],"tags":[],"_links":{"self":[{"href":"http:\/\/archiv.szolnoktv.hu\/index.php?rest_route=\/wp\/v2\/posts\/3760"}],"collection":[{"href":"http:\/\/archiv.szolnoktv.hu\/index.php?rest_route=\/wp\/v2\/posts"}],"about":[{"href":"http:\/\/archiv.szolnoktv.hu\/index.php?rest_route=\/wp\/v2\/types\/post"}],"author":[{"embeddable":true,"href":"http:\/\/archiv.szolnoktv.hu\/index.php?rest_route=\/wp\/v2\/users\/2"}],"replies":[{"embeddable":true,"href":"http:\/\/archiv.szolnoktv.hu\/index.php?rest_route=%2Fwp%2Fv2%2Fcomments&post=3760"}],"version-history":[{"count":2,"href":"http:\/\/archiv.szolnoktv.hu\/index.php?rest_route=\/wp\/v2\/posts\/3760\/revisions"}],"predecessor-version":[{"id":3792,"href":"http:\/\/archiv.szolnoktv.hu\/index.php?rest_route=\/wp\/v2\/posts\/3760\/revisions\/3792"}],"wp:attachment":[{"href":"http:\/\/archiv.szolnoktv.hu\/index.php?rest_route=%2Fwp%2Fv2%2Fmedia&parent=3760"}],"wp:term":[{"taxonomy":"category","embeddable":true,"href":"http:\/\/archiv.szolnoktv.hu\/index.php?rest_route=%2Fwp%2Fv2%2Fcategories&post=3760"},{"taxonomy":"post_tag","embeddable":true,"href":"http:\/\/archiv.szolnoktv.hu\/index.php?rest_route=%2Fwp%2Fv2%2Ftags&post=3760"}],"curies":[{"name":"wp","href":"https:\/\/api.w.org\/{rel}","templated":true}]}}