{"id":3759,"date":"2021-01-18T17:24:14","date_gmt":"2021-01-18T17:24:14","guid":{"rendered":"http:\/\/archiv.szolnoktv.hu\/?p=3759"},"modified":"2021-08-02T17:48:42","modified_gmt":"2021-08-02T17:48:42","slug":"jegen-csuszkalas-veszelyei","status":"publish","type":"post","link":"http:\/\/archiv.szolnoktv.hu\/?p=3759","title":{"rendered":"J\u00e9gen cs\u00faszk\u00e1l\u00e1s vesz\u00e9lyei"},"content":{"rendered":"<div class='booster-block booster-read-block'><\/div><p>Felel\u0151tlen \u00e9s \u00e9letvesz\u00e9lyes. Am\u00edg a v\u00e1rkonyi t\u00e9ri dombokon a h\u00e9tv\u00e9g\u00e9n sokan a sz\u00e1nk\u00f3z\u00e1st v\u00e1lasztott\u00e1k, a Zagyva parton n\u00e9h\u00e1nyan a jeget c\u00e9lozt\u00e1k meg. Annak ellen\u00e9re, hogy foly\u00f3v\u00edz jeg\u00e9re l\u00e9pni tilos, \u00e9s maga a j\u00e9gvastags\u00e1g sem volt biztons\u00e1gos, akadtak n\u00e9h\u00e1nyan akik \u00e9let\u00fcket kock\u00e1ztatva bentebb mer\u00e9szkedtek. A V\u00edzirend\u00e9szet szakemberei szerint \u0151k nem csak tilosban j\u00e1rtak, felel\u0151tlenek is voltak. rn <br \/> &nbsp;<div style=\"width: 640px;\" class=\"wp-video\"><!--[if lt IE 9]><script>document.createElement('video');<\/script><![endif]-->\n<video class=\"wp-video-shortcode\" id=\"video-3759-1\" width=\"640\" height=\"360\" preload=\"metadata\" controls=\"controls\"><source type=\"video\/mp4\" src=\"\/spots\/hir\/hir_210118_06.mp4?_=1\" \/><a href=\"\/spots\/hir\/hir_210118_06.mp4\">\/spots\/hir\/hir_210118_06.mp4<\/a><\/video><\/div><\/p>\n","protected":false},"excerpt":{"rendered":"<p>Felel\u0151tlen \u00e9s \u00e9letvesz\u00e9lyes. Am\u00edg a v\u00e1rkonyi t\u00e9ri dombokon a h\u00e9tv\u00e9g\u00e9n sokan a sz\u00e1nk\u00f3z\u00e1st v\u00e1lasztott\u00e1k, a Zagyva parton n\u00e9h\u00e1nyan a jeget c\u00e9lozt\u00e1k meg. Annak ellen\u00e9re, hogy foly\u00f3v\u00edz jeg\u00e9re l\u00e9pni tilos, \u00e9s maga a j\u00e9gvastags\u00e1g sem volt biztons\u00e1gos, akadtak n\u00e9h\u00e1nyan akik \u00e9let\u00fcket kock\u00e1ztatva bentebb mer\u00e9szkedtek. A V\u00edzirend\u00e9szet szakemberei szerint \u0151k nem csak tilosban j\u00e1rtak, felel\u0151tlenek is voltak. [&hellip;]<\/p>\n","protected":false},"author":2,"featured_media":0,"comment_status":"closed","ping_status":"closed","sticky":false,"template":"","format":"standard","meta":[],"categories":[6],"tags":[],"_links":{"self":[{"href":"http:\/\/archiv.szolnoktv.hu\/index.php?rest_route=\/wp\/v2\/posts\/3759"}],"collection":[{"href":"http:\/\/archiv.szolnoktv.hu\/index.php?rest_route=\/wp\/v2\/posts"}],"about":[{"href":"http:\/\/archiv.szolnoktv.hu\/index.php?rest_route=\/wp\/v2\/types\/post"}],"author":[{"embeddable":true,"href":"http:\/\/archiv.szolnoktv.hu\/index.php?rest_route=\/wp\/v2\/users\/2"}],"replies":[{"embeddable":true,"href":"http:\/\/archiv.szolnoktv.hu\/index.php?rest_route=%2Fwp%2Fv2%2Fcomments&post=3759"}],"version-history":[{"count":1,"href":"http:\/\/archiv.szolnoktv.hu\/index.php?rest_route=\/wp\/v2\/posts\/3759\/revisions"}],"predecessor-version":[{"id":3764,"href":"http:\/\/archiv.szolnoktv.hu\/index.php?rest_route=\/wp\/v2\/posts\/3759\/revisions\/3764"}],"wp:attachment":[{"href":"http:\/\/archiv.szolnoktv.hu\/index.php?rest_route=%2Fwp%2Fv2%2Fmedia&parent=3759"}],"wp:term":[{"taxonomy":"category","embeddable":true,"href":"http:\/\/archiv.szolnoktv.hu\/index.php?rest_route=%2Fwp%2Fv2%2Fcategories&post=3759"},{"taxonomy":"post_tag","embeddable":true,"href":"http:\/\/archiv.szolnoktv.hu\/index.php?rest_route=%2Fwp%2Fv2%2Ftags&post=3759"}],"curies":[{"name":"wp","href":"https:\/\/api.w.org\/{rel}","templated":true}]}}