{"id":3758,"date":"2021-01-18T17:07:06","date_gmt":"2021-01-18T17:07:06","guid":{"rendered":"http:\/\/archiv.szolnoktv.hu\/?p=3758"},"modified":"2021-08-02T17:48:43","modified_gmt":"2021-08-02T17:48:43","slug":"fejlesztes","status":"publish","type":"post","link":"http:\/\/archiv.szolnoktv.hu\/?p=3758","title":{"rendered":"Fejleszt\u00e9s"},"content":{"rendered":"<div class='booster-block booster-read-block'><\/div><p>T\u00f6rt\u00e9nelmi jelent\u0151s\u00e9g\u0171 meg\u00e1llapod\u00e1snak nevezte Hubai Imre, a megyei k\u00f6zgy\u0171l\u00e9s eln\u00f6ke, hogy lez\u00e1rult az \u00c9szakkelet- magyarorsz\u00e1gi gazdas\u00e1gi r\u00e9gi\u00f3 strat\u00e9giai egyeztet\u00e9se. Szalay Ferenc, Szolnok polg\u00e1rmestere azt emelte ki, hogy a 2030-ig tart\u00f3 fejleszt\u00e9sek mellett elt\u00f6rp\u00fcl az 1975-\u00f6s, a v\u00e1ros fenn\u00e1ll\u00e1s\u00e1nak 900. \u00e9vfordul\u00f3ja alkalm\u00e1b\u00f3l elind\u00edtott programok. Palkovics L\u00e1szl\u00f3 innov\u00e1ci\u00f3s \u00e9s technol\u00f3giai miniszter szerint a k\u00f6vetkez\u0151 t\u00edz \u00e9vben tizen\u00f6tezer- milli\u00e1rd forint uni\u00f3s t\u00e1mogat\u00e1s \u00e9rkezik Magyarorsz\u00e1gra, ehhez a magyar k\u00f6lts\u00e9gvet\u00e9s ugyanekkora forr\u00e1st k\u00e9pes tenni. rn  <br \/>  &nbsp;<div style=\"width: 640px;\" class=\"wp-video\"><!--[if lt IE 9]><script>document.createElement('video');<\/script><![endif]-->\n<video class=\"wp-video-shortcode\" id=\"video-3758-1\" width=\"640\" height=\"360\" preload=\"metadata\" controls=\"controls\"><source type=\"video\/mp4\" src=\"\/spots\/hir\/hir_210118_05.mp4?_=1\" \/><a href=\"\/spots\/hir\/hir_210118_05.mp4\">\/spots\/hir\/hir_210118_05.mp4<\/a><\/video><\/div><\/p>\n","protected":false},"excerpt":{"rendered":"<p>T\u00f6rt\u00e9nelmi jelent\u0151s\u00e9g\u0171 meg\u00e1llapod\u00e1snak nevezte Hubai Imre, a megyei k\u00f6zgy\u0171l\u00e9s eln\u00f6ke, hogy lez\u00e1rult az \u00c9szakkelet- magyarorsz\u00e1gi gazdas\u00e1gi r\u00e9gi\u00f3 strat\u00e9giai egyeztet\u00e9se. Szalay Ferenc, Szolnok polg\u00e1rmestere azt emelte ki, hogy a 2030-ig tart\u00f3 fejleszt\u00e9sek mellett elt\u00f6rp\u00fcl az 1975-\u00f6s, a v\u00e1ros fenn\u00e1ll\u00e1s\u00e1nak 900. \u00e9vfordul\u00f3ja alkalm\u00e1b\u00f3l elind\u00edtott programok. Palkovics L\u00e1szl\u00f3 innov\u00e1ci\u00f3s \u00e9s technol\u00f3giai miniszter szerint a k\u00f6vetkez\u0151 t\u00edz \u00e9vben tizen\u00f6tezer- [&hellip;]<\/p>\n","protected":false},"author":2,"featured_media":0,"comment_status":"closed","ping_status":"closed","sticky":false,"template":"","format":"standard","meta":[],"categories":[6],"tags":[],"_links":{"self":[{"href":"http:\/\/archiv.szolnoktv.hu\/index.php?rest_route=\/wp\/v2\/posts\/3758"}],"collection":[{"href":"http:\/\/archiv.szolnoktv.hu\/index.php?rest_route=\/wp\/v2\/posts"}],"about":[{"href":"http:\/\/archiv.szolnoktv.hu\/index.php?rest_route=\/wp\/v2\/types\/post"}],"author":[{"embeddable":true,"href":"http:\/\/archiv.szolnoktv.hu\/index.php?rest_route=\/wp\/v2\/users\/2"}],"replies":[{"embeddable":true,"href":"http:\/\/archiv.szolnoktv.hu\/index.php?rest_route=%2Fwp%2Fv2%2Fcomments&post=3758"}],"version-history":[{"count":1,"href":"http:\/\/archiv.szolnoktv.hu\/index.php?rest_route=\/wp\/v2\/posts\/3758\/revisions"}],"predecessor-version":[{"id":3765,"href":"http:\/\/archiv.szolnoktv.hu\/index.php?rest_route=\/wp\/v2\/posts\/3758\/revisions\/3765"}],"wp:attachment":[{"href":"http:\/\/archiv.szolnoktv.hu\/index.php?rest_route=%2Fwp%2Fv2%2Fmedia&parent=3758"}],"wp:term":[{"taxonomy":"category","embeddable":true,"href":"http:\/\/archiv.szolnoktv.hu\/index.php?rest_route=%2Fwp%2Fv2%2Fcategories&post=3758"},{"taxonomy":"post_tag","embeddable":true,"href":"http:\/\/archiv.szolnoktv.hu\/index.php?rest_route=%2Fwp%2Fv2%2Ftags&post=3758"}],"curies":[{"name":"wp","href":"https:\/\/api.w.org\/{rel}","templated":true}]}}