{"id":3756,"date":"2021-01-18T16:52:24","date_gmt":"2021-01-18T16:52:24","guid":{"rendered":"http:\/\/archiv.szolnoktv.hu\/?p=3756"},"modified":"2021-08-02T17:48:44","modified_gmt":"2021-08-02T17:48:44","slug":"2021-a-fejlesztesek-eve","status":"publish","type":"post","link":"http:\/\/archiv.szolnoktv.hu\/?p=3756","title":{"rendered":"2021 a fejleszt\u00e9sek \u00e9ve"},"content":{"rendered":"<div class='booster-block booster-read-block'><\/div><p>Siker\u00fclt meg\u0151riznie munkav\u00e1llal\u00f3it \u00e9s piac\u00e1t az \u00fajszilv\u00e1si Szilv\u00e1sh\u00fas kft-nek a j\u00e1rv\u00e1ny okozta gazdas\u00e1gi visszaes\u00e9s h\u00f3napjaiban is. A csal\u00e1di tulajdon\u00fa, teljes eg\u00e9sz\u00e9ben magyar nyersanyagot feldolgoz\u00f3, hazai piacra termel\u0151 c\u00e9g tov\u00e1bbra is fejleszt\u00e9sben \u00e9s kapacit\u00e1sai korszer\u0171s\u00edt\u00e9s\u00e9ben gondolkodik.  <br \/> &nbsp;<div style=\"width: 640px;\" class=\"wp-video\"><!--[if lt IE 9]><script>document.createElement('video');<\/script><![endif]-->\n<video class=\"wp-video-shortcode\" id=\"video-3756-1\" width=\"640\" height=\"360\" preload=\"metadata\" controls=\"controls\"><source type=\"video\/mp4\" src=\"\/spots\/hir\/hir_210118_01.mp4?_=1\" \/><a href=\"\/spots\/hir\/hir_210118_01.mp4\">\/spots\/hir\/hir_210118_01.mp4<\/a><\/video><\/div><\/p>\n","protected":false},"excerpt":{"rendered":"<p>Siker\u00fclt meg\u0151riznie munkav\u00e1llal\u00f3it \u00e9s piac\u00e1t az \u00fajszilv\u00e1si Szilv\u00e1sh\u00fas kft-nek a j\u00e1rv\u00e1ny okozta gazdas\u00e1gi visszaes\u00e9s h\u00f3napjaiban is. A csal\u00e1di tulajdon\u00fa, teljes eg\u00e9sz\u00e9ben magyar nyersanyagot feldolgoz\u00f3, hazai piacra termel\u0151 c\u00e9g tov\u00e1bbra is fejleszt\u00e9sben \u00e9s kapacit\u00e1sai korszer\u0171s\u00edt\u00e9s\u00e9ben gondolkodik. &nbsp;<\/p>\n","protected":false},"author":2,"featured_media":0,"comment_status":"closed","ping_status":"closed","sticky":false,"template":"","format":"standard","meta":[],"categories":[6],"tags":[],"_links":{"self":[{"href":"http:\/\/archiv.szolnoktv.hu\/index.php?rest_route=\/wp\/v2\/posts\/3756"}],"collection":[{"href":"http:\/\/archiv.szolnoktv.hu\/index.php?rest_route=\/wp\/v2\/posts"}],"about":[{"href":"http:\/\/archiv.szolnoktv.hu\/index.php?rest_route=\/wp\/v2\/types\/post"}],"author":[{"embeddable":true,"href":"http:\/\/archiv.szolnoktv.hu\/index.php?rest_route=\/wp\/v2\/users\/2"}],"replies":[{"embeddable":true,"href":"http:\/\/archiv.szolnoktv.hu\/index.php?rest_route=%2Fwp%2Fv2%2Fcomments&post=3756"}],"version-history":[{"count":1,"href":"http:\/\/archiv.szolnoktv.hu\/index.php?rest_route=\/wp\/v2\/posts\/3756\/revisions"}],"predecessor-version":[{"id":3767,"href":"http:\/\/archiv.szolnoktv.hu\/index.php?rest_route=\/wp\/v2\/posts\/3756\/revisions\/3767"}],"wp:attachment":[{"href":"http:\/\/archiv.szolnoktv.hu\/index.php?rest_route=%2Fwp%2Fv2%2Fmedia&parent=3756"}],"wp:term":[{"taxonomy":"category","embeddable":true,"href":"http:\/\/archiv.szolnoktv.hu\/index.php?rest_route=%2Fwp%2Fv2%2Fcategories&post=3756"},{"taxonomy":"post_tag","embeddable":true,"href":"http:\/\/archiv.szolnoktv.hu\/index.php?rest_route=%2Fwp%2Fv2%2Ftags&post=3756"}],"curies":[{"name":"wp","href":"https:\/\/api.w.org\/{rel}","templated":true}]}}