{"id":3755,"date":"2021-01-18T16:45:22","date_gmt":"2021-01-18T16:45:22","guid":{"rendered":"http:\/\/archiv.szolnoktv.hu\/?p=3755"},"modified":"2021-08-02T17:48:44","modified_gmt":"2021-08-02T17:48:44","slug":"felveteliznek-a-nyolcadikosok","status":"publish","type":"post","link":"http:\/\/archiv.szolnoktv.hu\/?p=3755","title":{"rendered":"Felv\u00e9teliznek a nyolcadikosok"},"content":{"rendered":"<div class='booster-block booster-read-block'><\/div><p>V\u00e1ltozatlanul a Sz\u00e9chenyi Gimn\u00e1zium a legn\u00e9pszer\u0171bb &#8211; legal\u00e1bbis Szolnokon ezt a helysz\u00ednt v\u00e1lasztotta a legt\u00f6bb nyolcadikos a felv\u00e9teli meg\u00edr\u00e1s\u00e1ra. Az \u00e1ltal\u00e1nos iskol\u00e1k v\u00e9gz\u0151sei janu\u00e1r 23-\u00e1n, azaz most szombaton adnak sz\u00e1mot matematika- \u00e9s magyartud\u00e1sukr\u00f3l annak \u00e9rdek\u00e9ben, hogy abban a k\u00f6z\u00e9piskol\u00e1ban tanulhassanak tov\u00e1bb, ahol a legink\u00e1bb szeretn\u00e9nek. rn  <br \/>  &nbsp;<div style=\"width: 640px;\" class=\"wp-video\"><!--[if lt IE 9]><script>document.createElement('video');<\/script><![endif]-->\n<video class=\"wp-video-shortcode\" id=\"video-3755-1\" width=\"640\" height=\"360\" preload=\"metadata\" controls=\"controls\"><source type=\"video\/mp4\" src=\"\/spots\/hir\/hir_210118_04.mp4?_=1\" \/><a href=\"\/spots\/hir\/hir_210118_04.mp4\">\/spots\/hir\/hir_210118_04.mp4<\/a><\/video><\/div><\/p>\n","protected":false},"excerpt":{"rendered":"<p>V\u00e1ltozatlanul a Sz\u00e9chenyi Gimn\u00e1zium a legn\u00e9pszer\u0171bb &#8211; legal\u00e1bbis Szolnokon ezt a helysz\u00ednt v\u00e1lasztotta a legt\u00f6bb nyolcadikos a felv\u00e9teli meg\u00edr\u00e1s\u00e1ra. Az \u00e1ltal\u00e1nos iskol\u00e1k v\u00e9gz\u0151sei janu\u00e1r 23-\u00e1n, azaz most szombaton adnak sz\u00e1mot matematika- \u00e9s magyartud\u00e1sukr\u00f3l annak \u00e9rdek\u00e9ben, hogy abban a k\u00f6z\u00e9piskol\u00e1ban tanulhassanak tov\u00e1bb, ahol a legink\u00e1bb szeretn\u00e9nek. rn &nbsp;<\/p>\n","protected":false},"author":2,"featured_media":0,"comment_status":"closed","ping_status":"closed","sticky":false,"template":"","format":"standard","meta":[],"categories":[6],"tags":[],"_links":{"self":[{"href":"http:\/\/archiv.szolnoktv.hu\/index.php?rest_route=\/wp\/v2\/posts\/3755"}],"collection":[{"href":"http:\/\/archiv.szolnoktv.hu\/index.php?rest_route=\/wp\/v2\/posts"}],"about":[{"href":"http:\/\/archiv.szolnoktv.hu\/index.php?rest_route=\/wp\/v2\/types\/post"}],"author":[{"embeddable":true,"href":"http:\/\/archiv.szolnoktv.hu\/index.php?rest_route=\/wp\/v2\/users\/2"}],"replies":[{"embeddable":true,"href":"http:\/\/archiv.szolnoktv.hu\/index.php?rest_route=%2Fwp%2Fv2%2Fcomments&post=3755"}],"version-history":[{"count":1,"href":"http:\/\/archiv.szolnoktv.hu\/index.php?rest_route=\/wp\/v2\/posts\/3755\/revisions"}],"predecessor-version":[{"id":3768,"href":"http:\/\/archiv.szolnoktv.hu\/index.php?rest_route=\/wp\/v2\/posts\/3755\/revisions\/3768"}],"wp:attachment":[{"href":"http:\/\/archiv.szolnoktv.hu\/index.php?rest_route=%2Fwp%2Fv2%2Fmedia&parent=3755"}],"wp:term":[{"taxonomy":"category","embeddable":true,"href":"http:\/\/archiv.szolnoktv.hu\/index.php?rest_route=%2Fwp%2Fv2%2Fcategories&post=3755"},{"taxonomy":"post_tag","embeddable":true,"href":"http:\/\/archiv.szolnoktv.hu\/index.php?rest_route=%2Fwp%2Fv2%2Ftags&post=3755"}],"curies":[{"name":"wp","href":"https:\/\/api.w.org\/{rel}","templated":true}]}}