{"id":3754,"date":"2021-01-18T16:14:13","date_gmt":"2021-01-18T16:14:13","guid":{"rendered":"http:\/\/archiv.szolnoktv.hu\/?p=3754"},"modified":"2021-08-02T17:48:44","modified_gmt":"2021-08-02T17:48:44","slug":"vandordij-az-ev-konyvtarosanak","status":"publish","type":"post","link":"http:\/\/archiv.szolnoktv.hu\/?p=3754","title":{"rendered":"V\u00e1ndord\u00edj az \u00e9v k\u00f6nyvt\u00e1ros\u00e1nak"},"content":{"rendered":"<div class='booster-block booster-read-block'><\/div><p>Harmadik alkalommal v\u00e1lasztott\u00e1k meg a Verseghy Ferenc K\u00f6nyvt\u00e1r munkat\u00e1rsai Az \u00e9v k\u00f6nyvt\u00e1ros\u00e1t. A 2020-as gy\u0151ztes alig k\u00e9t \u00e9ve \u00e9l \u00e9s dolgozik Szolnokon, de ennyi id\u0151 is el\u00e9g volt, hogy kiv\u00edvja koll\u00e9g\u00e1i elismer\u00e9s\u00e9t. A szerz\u0151k\u00e9nt is ismert Szekr\u00e9nyes Mikl\u00f3s \u00edr\u00f3akad\u00e9mi\u00e1t szervez, k\u00f6z\u00f6ns\u00e9gtal\u00e1lkoz\u00f3kat vezet, \u00e9s nem utols\u00f3sorban igyekszik az olvas\u00f3k minden k\u00e9r\u00e9s\u00e9t teljes\u00edteni.  rn <br \/> &nbsp;<div style=\"width: 640px;\" class=\"wp-video\"><!--[if lt IE 9]><script>document.createElement('video');<\/script><![endif]-->\n<video class=\"wp-video-shortcode\" id=\"video-3754-1\" width=\"640\" height=\"360\" preload=\"metadata\" controls=\"controls\"><source type=\"video\/mp4\" src=\"\/spots\/hir\/hir_210115_02.mp4?_=1\" \/><a href=\"\/spots\/hir\/hir_210115_02.mp4\">\/spots\/hir\/hir_210115_02.mp4<\/a><\/video><\/div><\/p>\n","protected":false},"excerpt":{"rendered":"<p>Harmadik alkalommal v\u00e1lasztott\u00e1k meg a Verseghy Ferenc K\u00f6nyvt\u00e1r munkat\u00e1rsai Az \u00e9v k\u00f6nyvt\u00e1ros\u00e1t. A 2020-as gy\u0151ztes alig k\u00e9t \u00e9ve \u00e9l \u00e9s dolgozik Szolnokon, de ennyi id\u0151 is el\u00e9g volt, hogy kiv\u00edvja koll\u00e9g\u00e1i elismer\u00e9s\u00e9t. A szerz\u0151k\u00e9nt is ismert Szekr\u00e9nyes Mikl\u00f3s \u00edr\u00f3akad\u00e9mi\u00e1t szervez, k\u00f6z\u00f6ns\u00e9gtal\u00e1lkoz\u00f3kat vezet, \u00e9s nem utols\u00f3sorban igyekszik az olvas\u00f3k minden k\u00e9r\u00e9s\u00e9t teljes\u00edteni. rn &nbsp;<\/p>\n","protected":false},"author":2,"featured_media":0,"comment_status":"closed","ping_status":"closed","sticky":false,"template":"","format":"standard","meta":[],"categories":[6],"tags":[],"_links":{"self":[{"href":"http:\/\/archiv.szolnoktv.hu\/index.php?rest_route=\/wp\/v2\/posts\/3754"}],"collection":[{"href":"http:\/\/archiv.szolnoktv.hu\/index.php?rest_route=\/wp\/v2\/posts"}],"about":[{"href":"http:\/\/archiv.szolnoktv.hu\/index.php?rest_route=\/wp\/v2\/types\/post"}],"author":[{"embeddable":true,"href":"http:\/\/archiv.szolnoktv.hu\/index.php?rest_route=\/wp\/v2\/users\/2"}],"replies":[{"embeddable":true,"href":"http:\/\/archiv.szolnoktv.hu\/index.php?rest_route=%2Fwp%2Fv2%2Fcomments&post=3754"}],"version-history":[{"count":1,"href":"http:\/\/archiv.szolnoktv.hu\/index.php?rest_route=\/wp\/v2\/posts\/3754\/revisions"}],"predecessor-version":[{"id":3769,"href":"http:\/\/archiv.szolnoktv.hu\/index.php?rest_route=\/wp\/v2\/posts\/3754\/revisions\/3769"}],"wp:attachment":[{"href":"http:\/\/archiv.szolnoktv.hu\/index.php?rest_route=%2Fwp%2Fv2%2Fmedia&parent=3754"}],"wp:term":[{"taxonomy":"category","embeddable":true,"href":"http:\/\/archiv.szolnoktv.hu\/index.php?rest_route=%2Fwp%2Fv2%2Fcategories&post=3754"},{"taxonomy":"post_tag","embeddable":true,"href":"http:\/\/archiv.szolnoktv.hu\/index.php?rest_route=%2Fwp%2Fv2%2Ftags&post=3754"}],"curies":[{"name":"wp","href":"https:\/\/api.w.org\/{rel}","templated":true}]}}