{"id":3753,"date":"2021-01-18T16:07:14","date_gmt":"2021-01-18T16:07:14","guid":{"rendered":"http:\/\/archiv.szolnoktv.hu\/?p=3753"},"modified":"2021-08-02T17:48:45","modified_gmt":"2021-08-02T17:48:45","slug":"jegre-vitt-jaszbereny","status":"publish","type":"post","link":"http:\/\/archiv.szolnoktv.hu\/?p=3753","title":{"rendered":"J\u00e9gre vitt J\u00e1szber\u00e9ny"},"content":{"rendered":"<div class='booster-block booster-read-block'><\/div><p>H\u00fasz \u00e9ve bajnokcsapatot \u00fcnnepelt, ma parkol\u00f3k\u00e9nt \u00fczemel. Negyvenn\u00e9gy \u00e9ve adt\u00e1k \u00e1t a j\u00e1szber\u00e9nyi m\u0171j\u00e9gp\u00e1ly\u00e1t, amely tal\u00e1n mag\u00e1ra tal\u00e1l a hossz\u00fa k\u00e9nyszersz\u00fcnet ut\u00e1n: ide tervezik fel\u00e9p\u00edteni az \u00faj kos\u00e1rlabda- csarnokot.  rn <br \/> &nbsp;<div style=\"width: 640px;\" class=\"wp-video\"><!--[if lt IE 9]><script>document.createElement('video');<\/script><![endif]-->\n<video class=\"wp-video-shortcode\" id=\"video-3753-1\" width=\"640\" height=\"360\" preload=\"metadata\" controls=\"controls\"><source type=\"video\/mp4\" src=\"\/spots\/hir\/hir_210118_03.mp4?_=1\" \/><a href=\"\/spots\/hir\/hir_210118_03.mp4\">\/spots\/hir\/hir_210118_03.mp4<\/a><\/video><\/div><\/p>\n","protected":false},"excerpt":{"rendered":"<p>H\u00fasz \u00e9ve bajnokcsapatot \u00fcnnepelt, ma parkol\u00f3k\u00e9nt \u00fczemel. Negyvenn\u00e9gy \u00e9ve adt\u00e1k \u00e1t a j\u00e1szber\u00e9nyi m\u0171j\u00e9gp\u00e1ly\u00e1t, amely tal\u00e1n mag\u00e1ra tal\u00e1l a hossz\u00fa k\u00e9nyszersz\u00fcnet ut\u00e1n: ide tervezik fel\u00e9p\u00edteni az \u00faj kos\u00e1rlabda- csarnokot. rn &nbsp;<\/p>\n","protected":false},"author":2,"featured_media":0,"comment_status":"closed","ping_status":"closed","sticky":false,"template":"","format":"standard","meta":[],"categories":[6],"tags":[],"_links":{"self":[{"href":"http:\/\/archiv.szolnoktv.hu\/index.php?rest_route=\/wp\/v2\/posts\/3753"}],"collection":[{"href":"http:\/\/archiv.szolnoktv.hu\/index.php?rest_route=\/wp\/v2\/posts"}],"about":[{"href":"http:\/\/archiv.szolnoktv.hu\/index.php?rest_route=\/wp\/v2\/types\/post"}],"author":[{"embeddable":true,"href":"http:\/\/archiv.szolnoktv.hu\/index.php?rest_route=\/wp\/v2\/users\/2"}],"replies":[{"embeddable":true,"href":"http:\/\/archiv.szolnoktv.hu\/index.php?rest_route=%2Fwp%2Fv2%2Fcomments&post=3753"}],"version-history":[{"count":1,"href":"http:\/\/archiv.szolnoktv.hu\/index.php?rest_route=\/wp\/v2\/posts\/3753\/revisions"}],"predecessor-version":[{"id":3770,"href":"http:\/\/archiv.szolnoktv.hu\/index.php?rest_route=\/wp\/v2\/posts\/3753\/revisions\/3770"}],"wp:attachment":[{"href":"http:\/\/archiv.szolnoktv.hu\/index.php?rest_route=%2Fwp%2Fv2%2Fmedia&parent=3753"}],"wp:term":[{"taxonomy":"category","embeddable":true,"href":"http:\/\/archiv.szolnoktv.hu\/index.php?rest_route=%2Fwp%2Fv2%2Fcategories&post=3753"},{"taxonomy":"post_tag","embeddable":true,"href":"http:\/\/archiv.szolnoktv.hu\/index.php?rest_route=%2Fwp%2Fv2%2Ftags&post=3753"}],"curies":[{"name":"wp","href":"https:\/\/api.w.org\/{rel}","templated":true}]}}