{"id":3744,"date":"2021-01-15T17:26:08","date_gmt":"2021-01-15T17:26:08","guid":{"rendered":"http:\/\/archiv.szolnoktv.hu\/?p=3744"},"modified":"2021-08-02T17:48:48","modified_gmt":"2021-08-02T17:48:48","slug":"agyuzas-a-varkonyi-terenrn","status":"publish","type":"post","link":"http:\/\/archiv.szolnoktv.hu\/?p=3744","title":{"rendered":"\u00c1gy\u00faz\u00e1s a V\u00e1rkonyi t\u00e9renrn"},"content":{"rendered":"<div class='booster-block booster-read-block'><\/div><p>Ilyen sem volt m\u00e9g Szolnokon. \u00c1gy\u00faval gy\u00e1rtanak havat a V\u00e1rkonyi t\u00e9ren. Szombat d\u00e9lut\u00e1nt\u00f3l- a j\u00e1rv\u00e1ny\u00fcgyi szab\u00e1lyok betart\u00e1sa mellett- szabad a sikl\u00e1s, elk\u00e9sz\u00fcl a v\u00e1ros els\u0151 m\u0171havas sz\u00e1nk\u00f3p\u00e1ly\u00e1ja.  <br \/> &nbsp;<div style=\"width: 640px;\" class=\"wp-video\"><!--[if lt IE 9]><script>document.createElement('video');<\/script><![endif]-->\n<video class=\"wp-video-shortcode\" id=\"video-3744-1\" width=\"640\" height=\"360\" preload=\"metadata\" controls=\"controls\"><source type=\"video\/mp4\" src=\"\/spots\/hir\/hir_210115_05.mp4?_=1\" \/><a href=\"\/spots\/hir\/hir_210115_05.mp4\">\/spots\/hir\/hir_210115_05.mp4<\/a><\/video><\/div><\/p>\n","protected":false},"excerpt":{"rendered":"<p>Ilyen sem volt m\u00e9g Szolnokon. \u00c1gy\u00faval gy\u00e1rtanak havat a V\u00e1rkonyi t\u00e9ren. Szombat d\u00e9lut\u00e1nt\u00f3l- a j\u00e1rv\u00e1ny\u00fcgyi szab\u00e1lyok betart\u00e1sa mellett- szabad a sikl\u00e1s, elk\u00e9sz\u00fcl a v\u00e1ros els\u0151 m\u0171havas sz\u00e1nk\u00f3p\u00e1ly\u00e1ja. &nbsp;<\/p>\n","protected":false},"author":2,"featured_media":0,"comment_status":"closed","ping_status":"closed","sticky":false,"template":"","format":"standard","meta":[],"categories":[6],"tags":[],"_links":{"self":[{"href":"http:\/\/archiv.szolnoktv.hu\/index.php?rest_route=\/wp\/v2\/posts\/3744"}],"collection":[{"href":"http:\/\/archiv.szolnoktv.hu\/index.php?rest_route=\/wp\/v2\/posts"}],"about":[{"href":"http:\/\/archiv.szolnoktv.hu\/index.php?rest_route=\/wp\/v2\/types\/post"}],"author":[{"embeddable":true,"href":"http:\/\/archiv.szolnoktv.hu\/index.php?rest_route=\/wp\/v2\/users\/2"}],"replies":[{"embeddable":true,"href":"http:\/\/archiv.szolnoktv.hu\/index.php?rest_route=%2Fwp%2Fv2%2Fcomments&post=3744"}],"version-history":[{"count":1,"href":"http:\/\/archiv.szolnoktv.hu\/index.php?rest_route=\/wp\/v2\/posts\/3744\/revisions"}],"predecessor-version":[{"id":3779,"href":"http:\/\/archiv.szolnoktv.hu\/index.php?rest_route=\/wp\/v2\/posts\/3744\/revisions\/3779"}],"wp:attachment":[{"href":"http:\/\/archiv.szolnoktv.hu\/index.php?rest_route=%2Fwp%2Fv2%2Fmedia&parent=3744"}],"wp:term":[{"taxonomy":"category","embeddable":true,"href":"http:\/\/archiv.szolnoktv.hu\/index.php?rest_route=%2Fwp%2Fv2%2Fcategories&post=3744"},{"taxonomy":"post_tag","embeddable":true,"href":"http:\/\/archiv.szolnoktv.hu\/index.php?rest_route=%2Fwp%2Fv2%2Ftags&post=3744"}],"curies":[{"name":"wp","href":"https:\/\/api.w.org\/{rel}","templated":true}]}}