{"id":3743,"date":"2021-01-15T17:16:24","date_gmt":"2021-01-15T17:16:24","guid":{"rendered":"http:\/\/archiv.szolnoktv.hu\/?p=3743"},"modified":"2021-08-02T17:48:48","modified_gmt":"2021-08-02T17:48:48","slug":"visszatert-a-hegyrol","status":"publish","type":"post","link":"http:\/\/archiv.szolnoktv.hu\/?p=3743","title":{"rendered":"Visszat\u00e9rt a hegyr\u0151l"},"content":{"rendered":"<div class='booster-block booster-read-block'><\/div><p>Visszat\u00e9rt az akklimatiz\u00e1ci\u00f3s hegyr\u0151l az alapt\u00e1borba Szlank\u00f3 Zolt\u00e1n  szolnoki hegym\u00e1sz\u00f3. Amerikai t\u00e1rs\u00e1val december 30-\u00e1n indultak az  \u00c1zsia legnagyobb hegyl\u00e1ncainak egyik\u00e9n l\u00e9v\u0151 8 ezres Broad Peakre.  A cs\u00facst\u00e1mad\u00e1s azonban m\u00e9g v\u00e1rat mag\u00e1ra. rn <br \/> &nbsp;<div style=\"width: 640px;\" class=\"wp-video\"><!--[if lt IE 9]><script>document.createElement('video');<\/script><![endif]-->\n<video class=\"wp-video-shortcode\" id=\"video-3743-1\" width=\"640\" height=\"360\" preload=\"metadata\" controls=\"controls\"><source type=\"video\/mp4\" src=\"\/spots\/hir\/hir_210115_01.mp4?_=1\" \/><a href=\"\/spots\/hir\/hir_210115_01.mp4\">\/spots\/hir\/hir_210115_01.mp4<\/a><\/video><\/div><\/p>\n","protected":false},"excerpt":{"rendered":"<p>Visszat\u00e9rt az akklimatiz\u00e1ci\u00f3s hegyr\u0151l az alapt\u00e1borba Szlank\u00f3 Zolt\u00e1n szolnoki hegym\u00e1sz\u00f3. Amerikai t\u00e1rs\u00e1val december 30-\u00e1n indultak az \u00c1zsia legnagyobb hegyl\u00e1ncainak egyik\u00e9n l\u00e9v\u0151 8 ezres Broad Peakre. A cs\u00facst\u00e1mad\u00e1s azonban m\u00e9g v\u00e1rat mag\u00e1ra. rn &nbsp;<\/p>\n","protected":false},"author":2,"featured_media":0,"comment_status":"closed","ping_status":"closed","sticky":false,"template":"","format":"standard","meta":[],"categories":[6],"tags":[],"_links":{"self":[{"href":"http:\/\/archiv.szolnoktv.hu\/index.php?rest_route=\/wp\/v2\/posts\/3743"}],"collection":[{"href":"http:\/\/archiv.szolnoktv.hu\/index.php?rest_route=\/wp\/v2\/posts"}],"about":[{"href":"http:\/\/archiv.szolnoktv.hu\/index.php?rest_route=\/wp\/v2\/types\/post"}],"author":[{"embeddable":true,"href":"http:\/\/archiv.szolnoktv.hu\/index.php?rest_route=\/wp\/v2\/users\/2"}],"replies":[{"embeddable":true,"href":"http:\/\/archiv.szolnoktv.hu\/index.php?rest_route=%2Fwp%2Fv2%2Fcomments&post=3743"}],"version-history":[{"count":1,"href":"http:\/\/archiv.szolnoktv.hu\/index.php?rest_route=\/wp\/v2\/posts\/3743\/revisions"}],"predecessor-version":[{"id":3780,"href":"http:\/\/archiv.szolnoktv.hu\/index.php?rest_route=\/wp\/v2\/posts\/3743\/revisions\/3780"}],"wp:attachment":[{"href":"http:\/\/archiv.szolnoktv.hu\/index.php?rest_route=%2Fwp%2Fv2%2Fmedia&parent=3743"}],"wp:term":[{"taxonomy":"category","embeddable":true,"href":"http:\/\/archiv.szolnoktv.hu\/index.php?rest_route=%2Fwp%2Fv2%2Fcategories&post=3743"},{"taxonomy":"post_tag","embeddable":true,"href":"http:\/\/archiv.szolnoktv.hu\/index.php?rest_route=%2Fwp%2Fv2%2Ftags&post=3743"}],"curies":[{"name":"wp","href":"https:\/\/api.w.org\/{rel}","templated":true}]}}