{"id":3742,"date":"2021-01-15T17:06:56","date_gmt":"2021-01-15T17:06:56","guid":{"rendered":"http:\/\/archiv.szolnoktv.hu\/?p=3742"},"modified":"2021-08-02T17:48:49","modified_gmt":"2021-08-02T17:48:49","slug":"felkeszultek-a-fagyokra","status":"publish","type":"post","link":"http:\/\/archiv.szolnoktv.hu\/?p=3742","title":{"rendered":"Felk\u00e9sz\u00fcltek a fagyokra"},"content":{"rendered":"<div class='booster-block booster-read-block'><\/div><p>A p\u00e9ntek \u00e9jszak\u00e1t\u00f3l v\u00e1rhat\u00f3 rendk\u00edv\u00fcli hideg az utc\u00e1n \u00e9l\u0151ket is bek\u00e9nyszer\u00edti az \u00e9jjeli mened\u00e9khelyre \u00e9s az \u00e1tmeneti sz\u00e1ll\u00f3ra. A nappali centrumban pedig meleg \u00e9telt \u00e9s te\u00e1t is kapnak a hajl\u00e9ktalanok. rn <br \/> &nbsp;<div style=\"width: 640px;\" class=\"wp-video\"><!--[if lt IE 9]><script>document.createElement('video');<\/script><![endif]-->\n<video class=\"wp-video-shortcode\" id=\"video-3742-1\" width=\"640\" height=\"360\" preload=\"metadata\" controls=\"controls\"><source type=\"video\/mp4\" src=\"\/spots\/hir\/hir_210115_07.mp4?_=1\" \/><a href=\"\/spots\/hir\/hir_210115_07.mp4\">\/spots\/hir\/hir_210115_07.mp4<\/a><\/video><\/div><\/p>\n","protected":false},"excerpt":{"rendered":"<p>A p\u00e9ntek \u00e9jszak\u00e1t\u00f3l v\u00e1rhat\u00f3 rendk\u00edv\u00fcli hideg az utc\u00e1n \u00e9l\u0151ket is bek\u00e9nyszer\u00edti az \u00e9jjeli mened\u00e9khelyre \u00e9s az \u00e1tmeneti sz\u00e1ll\u00f3ra. A nappali centrumban pedig meleg \u00e9telt \u00e9s te\u00e1t is kapnak a hajl\u00e9ktalanok. rn &nbsp;<\/p>\n","protected":false},"author":2,"featured_media":0,"comment_status":"closed","ping_status":"closed","sticky":false,"template":"","format":"standard","meta":[],"categories":[6],"tags":[],"_links":{"self":[{"href":"http:\/\/archiv.szolnoktv.hu\/index.php?rest_route=\/wp\/v2\/posts\/3742"}],"collection":[{"href":"http:\/\/archiv.szolnoktv.hu\/index.php?rest_route=\/wp\/v2\/posts"}],"about":[{"href":"http:\/\/archiv.szolnoktv.hu\/index.php?rest_route=\/wp\/v2\/types\/post"}],"author":[{"embeddable":true,"href":"http:\/\/archiv.szolnoktv.hu\/index.php?rest_route=\/wp\/v2\/users\/2"}],"replies":[{"embeddable":true,"href":"http:\/\/archiv.szolnoktv.hu\/index.php?rest_route=%2Fwp%2Fv2%2Fcomments&post=3742"}],"version-history":[{"count":1,"href":"http:\/\/archiv.szolnoktv.hu\/index.php?rest_route=\/wp\/v2\/posts\/3742\/revisions"}],"predecessor-version":[{"id":3781,"href":"http:\/\/archiv.szolnoktv.hu\/index.php?rest_route=\/wp\/v2\/posts\/3742\/revisions\/3781"}],"wp:attachment":[{"href":"http:\/\/archiv.szolnoktv.hu\/index.php?rest_route=%2Fwp%2Fv2%2Fmedia&parent=3742"}],"wp:term":[{"taxonomy":"category","embeddable":true,"href":"http:\/\/archiv.szolnoktv.hu\/index.php?rest_route=%2Fwp%2Fv2%2Fcategories&post=3742"},{"taxonomy":"post_tag","embeddable":true,"href":"http:\/\/archiv.szolnoktv.hu\/index.php?rest_route=%2Fwp%2Fv2%2Ftags&post=3742"}],"curies":[{"name":"wp","href":"https:\/\/api.w.org\/{rel}","templated":true}]}}