{"id":3740,"date":"2021-01-15T16:50:03","date_gmt":"2021-01-15T16:50:03","guid":{"rendered":"http:\/\/archiv.szolnoktv.hu\/?p=3740"},"modified":"2021-08-02T17:49:05","modified_gmt":"2021-08-02T17:49:05","slug":"foszerephez-jut-szolnok","status":"publish","type":"post","link":"http:\/\/archiv.szolnoktv.hu\/?p=3740","title":{"rendered":"F\u0151szerephez jut Szolnok"},"content":{"rendered":"<div class='booster-block booster-read-block'><\/div><p>Fontos szerep jut a megyesz\u00e9khelynek a k\u00fcl\u00f6nleges m\u0171veleti katon\u00e1k k\u00e9pz\u00e9s\u00e9ben, mozg\u00f3s\u00edt\u00e1s\u00e1ban \u00e9s koordin\u00e1l\u00e1s\u00e1ban a j\u00f6v\u0151ben. Err\u0151l a Magyar Honv\u00e9ds\u00e9g Parancsnoks\u00e1ga K\u00fcl\u00f6nleges M\u0171veleti Szeml\u00e9l\u0151s\u00e9g \u00e9s a Magyar Honv\u00e9ds\u00e9g 2. vit\u00e9z Bertalan \u00c1rp\u00e1d K\u00fcl\u00f6nleges Rendeltet\u00e9s\u0171 Dand\u00e1r k\u00f6z\u00f6s sajt\u00f3t\u00e1j\u00e9koztat\u00f3j\u00e1n esett sz\u00f3. A szolnoki b\u00e1zison most \u00e9rt v\u00e9get az a tervez\u0151i konferencia, melyen hat nemzet katon\u00e1i vettek r\u00e9szt. rn <br \/> &nbsp;<div style=\"width: 640px;\" class=\"wp-video\"><!--[if lt IE 9]><script>document.createElement('video');<\/script><![endif]-->\n<video class=\"wp-video-shortcode\" id=\"video-3740-1\" width=\"640\" height=\"360\" preload=\"metadata\" controls=\"controls\"><source type=\"video\/mp4\" src=\"\/spots\/hir\/hir_210115_04.mp4?_=1\" \/><a href=\"\/spots\/hir\/hir_210115_04.mp4\">\/spots\/hir\/hir_210115_04.mp4<\/a><\/video><\/div><\/p>\n","protected":false},"excerpt":{"rendered":"<p>Fontos szerep jut a megyesz\u00e9khelynek a k\u00fcl\u00f6nleges m\u0171veleti katon\u00e1k k\u00e9pz\u00e9s\u00e9ben, mozg\u00f3s\u00edt\u00e1s\u00e1ban \u00e9s koordin\u00e1l\u00e1s\u00e1ban a j\u00f6v\u0151ben. Err\u0151l a Magyar Honv\u00e9ds\u00e9g Parancsnoks\u00e1ga K\u00fcl\u00f6nleges M\u0171veleti Szeml\u00e9l\u0151s\u00e9g \u00e9s a Magyar Honv\u00e9ds\u00e9g 2. vit\u00e9z Bertalan \u00c1rp\u00e1d K\u00fcl\u00f6nleges Rendeltet\u00e9s\u0171 Dand\u00e1r k\u00f6z\u00f6s sajt\u00f3t\u00e1j\u00e9koztat\u00f3j\u00e1n esett sz\u00f3. A szolnoki b\u00e1zison most \u00e9rt v\u00e9get az a tervez\u0151i konferencia, melyen hat nemzet katon\u00e1i vettek r\u00e9szt. rn [&hellip;]<\/p>\n","protected":false},"author":2,"featured_media":0,"comment_status":"closed","ping_status":"closed","sticky":false,"template":"","format":"standard","meta":[],"categories":[6],"tags":[],"_links":{"self":[{"href":"http:\/\/archiv.szolnoktv.hu\/index.php?rest_route=\/wp\/v2\/posts\/3740"}],"collection":[{"href":"http:\/\/archiv.szolnoktv.hu\/index.php?rest_route=\/wp\/v2\/posts"}],"about":[{"href":"http:\/\/archiv.szolnoktv.hu\/index.php?rest_route=\/wp\/v2\/types\/post"}],"author":[{"embeddable":true,"href":"http:\/\/archiv.szolnoktv.hu\/index.php?rest_route=\/wp\/v2\/users\/2"}],"replies":[{"embeddable":true,"href":"http:\/\/archiv.szolnoktv.hu\/index.php?rest_route=%2Fwp%2Fv2%2Fcomments&post=3740"}],"version-history":[{"count":1,"href":"http:\/\/archiv.szolnoktv.hu\/index.php?rest_route=\/wp\/v2\/posts\/3740\/revisions"}],"predecessor-version":[{"id":3783,"href":"http:\/\/archiv.szolnoktv.hu\/index.php?rest_route=\/wp\/v2\/posts\/3740\/revisions\/3783"}],"wp:attachment":[{"href":"http:\/\/archiv.szolnoktv.hu\/index.php?rest_route=%2Fwp%2Fv2%2Fmedia&parent=3740"}],"wp:term":[{"taxonomy":"category","embeddable":true,"href":"http:\/\/archiv.szolnoktv.hu\/index.php?rest_route=%2Fwp%2Fv2%2Fcategories&post=3740"},{"taxonomy":"post_tag","embeddable":true,"href":"http:\/\/archiv.szolnoktv.hu\/index.php?rest_route=%2Fwp%2Fv2%2Ftags&post=3740"}],"curies":[{"name":"wp","href":"https:\/\/api.w.org\/{rel}","templated":true}]}}