{"id":3738,"date":"2021-01-15T16:32:31","date_gmt":"2021-01-15T16:32:31","guid":{"rendered":"http:\/\/archiv.szolnoktv.hu\/?p=3738"},"modified":"2021-08-02T17:49:05","modified_gmt":"2021-08-02T17:49:05","slug":"jeghelyzet","status":"publish","type":"post","link":"http:\/\/archiv.szolnoktv.hu\/?p=3738","title":{"rendered":"J\u00e9ghelyzet"},"content":{"rendered":"<div class='booster-block booster-read-block'><\/div><p>Az els\u0151 fagyok megjelentek az idei t\u00e9len, a vizek is kezdenek befagyni, \u00e1m korcsoly\u00e1z\u00e1sra \u00e9s jeges sportokra m\u00e9g sok\u00e1ig alkalmatlanok lesznek a v\u00edzfel\u00fcletek. A Tiszai V\u00edzirend\u00e9szeti Rend\u0151rkapit\u00e1nys\u00e1g szakemberei id\u00e9n is rendszeresen ellen\u0151rzik majd a j\u00e9gvastags\u00e1got. Tapasztalatok szerint minimum 10-15 napon kereszt\u00fcl folyamatos m\u00ednusznak kell lennie ahhoz, hogy megfelel\u0151 vastags\u00e1g\u00fara h\u00edzzon a j\u00e9g.rn  <br \/>  &nbsp;<div style=\"width: 640px;\" class=\"wp-video\"><!--[if lt IE 9]><script>document.createElement('video');<\/script><![endif]-->\n<video class=\"wp-video-shortcode\" id=\"video-3738-1\" width=\"640\" height=\"360\" preload=\"metadata\" controls=\"controls\"><source type=\"video\/mp4\" src=\"\/spots\/hir\/hir_210115_03.mp4?_=1\" \/><a href=\"\/spots\/hir\/hir_210115_03.mp4\">\/spots\/hir\/hir_210115_03.mp4<\/a><\/video><\/div><\/p>\n","protected":false},"excerpt":{"rendered":"<p>Az els\u0151 fagyok megjelentek az idei t\u00e9len, a vizek is kezdenek befagyni, \u00e1m korcsoly\u00e1z\u00e1sra \u00e9s jeges sportokra m\u00e9g sok\u00e1ig alkalmatlanok lesznek a v\u00edzfel\u00fcletek. A Tiszai V\u00edzirend\u00e9szeti Rend\u0151rkapit\u00e1nys\u00e1g szakemberei id\u00e9n is rendszeresen ellen\u0151rzik majd a j\u00e9gvastags\u00e1got. Tapasztalatok szerint minimum 10-15 napon kereszt\u00fcl folyamatos m\u00ednusznak kell lennie ahhoz, hogy megfelel\u0151 vastags\u00e1g\u00fara h\u00edzzon a j\u00e9g.rn &nbsp;<\/p>\n","protected":false},"author":2,"featured_media":0,"comment_status":"closed","ping_status":"closed","sticky":false,"template":"","format":"standard","meta":[],"categories":[6],"tags":[],"_links":{"self":[{"href":"http:\/\/archiv.szolnoktv.hu\/index.php?rest_route=\/wp\/v2\/posts\/3738"}],"collection":[{"href":"http:\/\/archiv.szolnoktv.hu\/index.php?rest_route=\/wp\/v2\/posts"}],"about":[{"href":"http:\/\/archiv.szolnoktv.hu\/index.php?rest_route=\/wp\/v2\/types\/post"}],"author":[{"embeddable":true,"href":"http:\/\/archiv.szolnoktv.hu\/index.php?rest_route=\/wp\/v2\/users\/2"}],"replies":[{"embeddable":true,"href":"http:\/\/archiv.szolnoktv.hu\/index.php?rest_route=%2Fwp%2Fv2%2Fcomments&post=3738"}],"version-history":[{"count":1,"href":"http:\/\/archiv.szolnoktv.hu\/index.php?rest_route=\/wp\/v2\/posts\/3738\/revisions"}],"predecessor-version":[{"id":3785,"href":"http:\/\/archiv.szolnoktv.hu\/index.php?rest_route=\/wp\/v2\/posts\/3738\/revisions\/3785"}],"wp:attachment":[{"href":"http:\/\/archiv.szolnoktv.hu\/index.php?rest_route=%2Fwp%2Fv2%2Fmedia&parent=3738"}],"wp:term":[{"taxonomy":"category","embeddable":true,"href":"http:\/\/archiv.szolnoktv.hu\/index.php?rest_route=%2Fwp%2Fv2%2Fcategories&post=3738"},{"taxonomy":"post_tag","embeddable":true,"href":"http:\/\/archiv.szolnoktv.hu\/index.php?rest_route=%2Fwp%2Fv2%2Ftags&post=3738"}],"curies":[{"name":"wp","href":"https:\/\/api.w.org\/{rel}","templated":true}]}}