{"id":3737,"date":"2021-01-15T16:09:43","date_gmt":"2021-01-15T16:09:43","guid":{"rendered":"http:\/\/archiv.szolnoktv.hu\/?p=3737"},"modified":"2021-08-02T17:49:06","modified_gmt":"2021-08-02T17:49:06","slug":"orkeny-osbemutato-50-eve","status":"publish","type":"post","link":"http:\/\/archiv.szolnoktv.hu\/?p=3737","title":{"rendered":"\u00d6rk\u00e9ny \u0151sbemutat\u00f3 50 \u00e9ve"},"content":{"rendered":"<div class='booster-block booster-read-block'><\/div><p>Napra pontosan 50 \u00e9ve, 1971. janu\u00e1r 15-\u00e9n a szolnoki Szigligeti Sz\u00ednh\u00e1zban mutatt\u00e1k be el\u0151sz\u00f6r \u00d6rk\u00e9ny Istv\u00e1n egyik legt\u00f6bbet j\u00e1tszott sz\u00ednm\u0171v\u00e9t, a Macskaj\u00e1t\u00e9kot. Az akkori t\u00e1rsulatb\u00f3l nem sokan vannak m\u00e1r az \u00e9l\u0151k sor\u00e1ban, Bodn\u00e1r Erika azonban m\u00e1ig sz\u00edvesen eml\u00e9kszik vissza az el\u0151ad\u00e1sra, ann\u00e1l is ink\u00e1bb, mert f\u00e9l \u00e9vsz\u00e1zada Eg\u00e9rke alak\u00edt\u00e1s\u00e1val Szolnokon indult el sz\u00edn\u00e9szi karrierje.rn <br \/> &nbsp;<div style=\"width: 640px;\" class=\"wp-video\"><!--[if lt IE 9]><script>document.createElement('video');<\/script><![endif]-->\n<video class=\"wp-video-shortcode\" id=\"video-3737-1\" width=\"640\" height=\"360\" preload=\"metadata\" controls=\"controls\"><source type=\"video\/mp4\" src=\"\/spots\/hir\/hir_210115_08.mp4?_=1\" \/><a href=\"\/spots\/hir\/hir_210115_08.mp4\">\/spots\/hir\/hir_210115_08.mp4<\/a><\/video><\/div><\/p>\n","protected":false},"excerpt":{"rendered":"<p>Napra pontosan 50 \u00e9ve, 1971. janu\u00e1r 15-\u00e9n a szolnoki Szigligeti Sz\u00ednh\u00e1zban mutatt\u00e1k be el\u0151sz\u00f6r \u00d6rk\u00e9ny Istv\u00e1n egyik legt\u00f6bbet j\u00e1tszott sz\u00ednm\u0171v\u00e9t, a Macskaj\u00e1t\u00e9kot. Az akkori t\u00e1rsulatb\u00f3l nem sokan vannak m\u00e1r az \u00e9l\u0151k sor\u00e1ban, Bodn\u00e1r Erika azonban m\u00e1ig sz\u00edvesen eml\u00e9kszik vissza az el\u0151ad\u00e1sra, ann\u00e1l is ink\u00e1bb, mert f\u00e9l \u00e9vsz\u00e1zada Eg\u00e9rke alak\u00edt\u00e1s\u00e1val Szolnokon indult el sz\u00edn\u00e9szi karrierje.rn &nbsp;<\/p>\n","protected":false},"author":2,"featured_media":0,"comment_status":"closed","ping_status":"closed","sticky":false,"template":"","format":"standard","meta":[],"categories":[6],"tags":[],"_links":{"self":[{"href":"http:\/\/archiv.szolnoktv.hu\/index.php?rest_route=\/wp\/v2\/posts\/3737"}],"collection":[{"href":"http:\/\/archiv.szolnoktv.hu\/index.php?rest_route=\/wp\/v2\/posts"}],"about":[{"href":"http:\/\/archiv.szolnoktv.hu\/index.php?rest_route=\/wp\/v2\/types\/post"}],"author":[{"embeddable":true,"href":"http:\/\/archiv.szolnoktv.hu\/index.php?rest_route=\/wp\/v2\/users\/2"}],"replies":[{"embeddable":true,"href":"http:\/\/archiv.szolnoktv.hu\/index.php?rest_route=%2Fwp%2Fv2%2Fcomments&post=3737"}],"version-history":[{"count":1,"href":"http:\/\/archiv.szolnoktv.hu\/index.php?rest_route=\/wp\/v2\/posts\/3737\/revisions"}],"predecessor-version":[{"id":3786,"href":"http:\/\/archiv.szolnoktv.hu\/index.php?rest_route=\/wp\/v2\/posts\/3737\/revisions\/3786"}],"wp:attachment":[{"href":"http:\/\/archiv.szolnoktv.hu\/index.php?rest_route=%2Fwp%2Fv2%2Fmedia&parent=3737"}],"wp:term":[{"taxonomy":"category","embeddable":true,"href":"http:\/\/archiv.szolnoktv.hu\/index.php?rest_route=%2Fwp%2Fv2%2Fcategories&post=3737"},{"taxonomy":"post_tag","embeddable":true,"href":"http:\/\/archiv.szolnoktv.hu\/index.php?rest_route=%2Fwp%2Fv2%2Ftags&post=3737"}],"curies":[{"name":"wp","href":"https:\/\/api.w.org\/{rel}","templated":true}]}}