{"id":3727,"date":"2021-01-14T17:49:01","date_gmt":"2021-01-14T17:49:01","guid":{"rendered":"http:\/\/archiv.szolnoktv.hu\/?p=3727"},"modified":"2021-08-02T17:42:52","modified_gmt":"2021-08-02T17:42:52","slug":"uj-szakok-a-campuson","status":"publish","type":"post","link":"http:\/\/archiv.szolnoktv.hu\/?p=3727","title":{"rendered":"\u00daj szakok a Campuson"},"content":{"rendered":"<div class='booster-block booster-read-block'><\/div><p>A Szolnok Campus a m\u00e1r megszokott gazdas\u00e1gtudom\u00e1nyi mellett id\u00e9n eg\u00e9szs\u00e9g\u00fcgyi \u00e9s n\u00e9peg\u00e9szs\u00e9g\u00fcgyi karon is hirdetett szakokat. Szeptembert\u0151l \u00e1pol\u00f3, v\u00e9d\u0151n\u0151, dietetikus, gy\u00f3gytorn\u00e1sz, n\u00e9peg\u00e9szs\u00e9g\u00fcgyi ellen\u0151r \u00e9s eg\u00e9szs\u00e9g\u00fcgyi menedzser k\u00e9pz\u00e9s indul. A Debreceni Egyetem a megyesz\u00e9khely k\u00f3rh\u00e1zaival is egy\u00fcttm\u0171k\u00f6dik annak \u00e9rdek\u00e9ben, hogy kiv\u00e1l\u00f3 oktat\u00e1st biztos\u00edthassanak a majdani hallgat\u00f3knak.  <br \/> &nbsp;<div style=\"width: 640px;\" class=\"wp-video\"><!--[if lt IE 9]><script>document.createElement('video');<\/script><![endif]-->\n<video class=\"wp-video-shortcode\" id=\"video-3727-1\" width=\"640\" height=\"360\" preload=\"metadata\" controls=\"controls\"><source type=\"video\/mp4\" src=\"\/spots\/hir\/hir_210114_03.mp4?_=1\" \/><a href=\"\/spots\/hir\/hir_210114_03.mp4\">\/spots\/hir\/hir_210114_03.mp4<\/a><\/video><\/div><\/p>\n","protected":false},"excerpt":{"rendered":"<p>A Szolnok Campus a m\u00e1r megszokott gazdas\u00e1gtudom\u00e1nyi mellett id\u00e9n eg\u00e9szs\u00e9g\u00fcgyi \u00e9s n\u00e9peg\u00e9szs\u00e9g\u00fcgyi karon is hirdetett szakokat. Szeptembert\u0151l \u00e1pol\u00f3, v\u00e9d\u0151n\u0151, dietetikus, gy\u00f3gytorn\u00e1sz, n\u00e9peg\u00e9szs\u00e9g\u00fcgyi ellen\u0151r \u00e9s eg\u00e9szs\u00e9g\u00fcgyi menedzser k\u00e9pz\u00e9s indul. A Debreceni Egyetem a megyesz\u00e9khely k\u00f3rh\u00e1zaival is egy\u00fcttm\u0171k\u00f6dik annak \u00e9rdek\u00e9ben, hogy kiv\u00e1l\u00f3 oktat\u00e1st biztos\u00edthassanak a majdani hallgat\u00f3knak. &nbsp;<\/p>\n","protected":false},"author":2,"featured_media":0,"comment_status":"closed","ping_status":"closed","sticky":false,"template":"","format":"standard","meta":[],"categories":[6],"tags":[],"_links":{"self":[{"href":"http:\/\/archiv.szolnoktv.hu\/index.php?rest_route=\/wp\/v2\/posts\/3727"}],"collection":[{"href":"http:\/\/archiv.szolnoktv.hu\/index.php?rest_route=\/wp\/v2\/posts"}],"about":[{"href":"http:\/\/archiv.szolnoktv.hu\/index.php?rest_route=\/wp\/v2\/types\/post"}],"author":[{"embeddable":true,"href":"http:\/\/archiv.szolnoktv.hu\/index.php?rest_route=\/wp\/v2\/users\/2"}],"replies":[{"embeddable":true,"href":"http:\/\/archiv.szolnoktv.hu\/index.php?rest_route=%2Fwp%2Fv2%2Fcomments&post=3727"}],"version-history":[{"count":1,"href":"http:\/\/archiv.szolnoktv.hu\/index.php?rest_route=\/wp\/v2\/posts\/3727\/revisions"}],"predecessor-version":[{"id":3728,"href":"http:\/\/archiv.szolnoktv.hu\/index.php?rest_route=\/wp\/v2\/posts\/3727\/revisions\/3728"}],"wp:attachment":[{"href":"http:\/\/archiv.szolnoktv.hu\/index.php?rest_route=%2Fwp%2Fv2%2Fmedia&parent=3727"}],"wp:term":[{"taxonomy":"category","embeddable":true,"href":"http:\/\/archiv.szolnoktv.hu\/index.php?rest_route=%2Fwp%2Fv2%2Fcategories&post=3727"},{"taxonomy":"post_tag","embeddable":true,"href":"http:\/\/archiv.szolnoktv.hu\/index.php?rest_route=%2Fwp%2Fv2%2Ftags&post=3727"}],"curies":[{"name":"wp","href":"https:\/\/api.w.org\/{rel}","templated":true}]}}