{"id":3725,"date":"2021-01-14T17:19:44","date_gmt":"2021-01-14T17:19:44","guid":{"rendered":"http:\/\/archiv.szolnoktv.hu\/?p=3725"},"modified":"2021-08-02T17:42:53","modified_gmt":"2021-08-02T17:42:53","slug":"illegalis-hulladeklerakas-buntetes","status":"publish","type":"post","link":"http:\/\/archiv.szolnoktv.hu\/?p=3725","title":{"rendered":"Illeg\u00e1lis hullad\u00e9klerak\u00e1s b\u00fcntet\u00e9s"},"content":{"rendered":"<div class='booster-block booster-read-block'><\/div><p>Egyre t\u00f6bb szem\u00e9t \u00e9vr\u0151l \u00e9vre. Orsz\u00e1gosan, \u00edgy Szolnokon is minden esztend\u0151ben t\u00f6bb \u00e9s t\u00f6bb illeg\u00e1lis hullad\u00e9kot kell eltakar\u00edtaniuk a szem\u00e9tsz\u00e1ll\u00edt\u00e1ssal foglalkoz\u00f3 c\u00e9geknek. Elk\u00e9sz\u00fclt az a t\u00f6rv\u00e9nyjavaslat, mely b\u00f6rt\u00f6nnel fenyegeti az illeg\u00e1lis szemetet lerak\u00f3 embereket. <br \/> &nbsp;<div style=\"width: 640px;\" class=\"wp-video\"><!--[if lt IE 9]><script>document.createElement('video');<\/script><![endif]-->\n<video class=\"wp-video-shortcode\" id=\"video-3725-1\" width=\"640\" height=\"360\" preload=\"metadata\" controls=\"controls\"><source type=\"video\/mp4\" src=\"\/spots\/hir\/hir_200114_06.mp4?_=1\" \/><a href=\"\/spots\/hir\/hir_200114_06.mp4\">\/spots\/hir\/hir_200114_06.mp4<\/a><\/video><\/div><\/p>\n","protected":false},"excerpt":{"rendered":"<p>Egyre t\u00f6bb szem\u00e9t \u00e9vr\u0151l \u00e9vre. Orsz\u00e1gosan, \u00edgy Szolnokon is minden esztend\u0151ben t\u00f6bb \u00e9s t\u00f6bb illeg\u00e1lis hullad\u00e9kot kell eltakar\u00edtaniuk a szem\u00e9tsz\u00e1ll\u00edt\u00e1ssal foglalkoz\u00f3 c\u00e9geknek. Elk\u00e9sz\u00fclt az a t\u00f6rv\u00e9nyjavaslat, mely b\u00f6rt\u00f6nnel fenyegeti az illeg\u00e1lis szemetet lerak\u00f3 embereket. &nbsp;<\/p>\n","protected":false},"author":2,"featured_media":0,"comment_status":"closed","ping_status":"closed","sticky":false,"template":"","format":"standard","meta":[],"categories":[6],"tags":[],"_links":{"self":[{"href":"http:\/\/archiv.szolnoktv.hu\/index.php?rest_route=\/wp\/v2\/posts\/3725"}],"collection":[{"href":"http:\/\/archiv.szolnoktv.hu\/index.php?rest_route=\/wp\/v2\/posts"}],"about":[{"href":"http:\/\/archiv.szolnoktv.hu\/index.php?rest_route=\/wp\/v2\/types\/post"}],"author":[{"embeddable":true,"href":"http:\/\/archiv.szolnoktv.hu\/index.php?rest_route=\/wp\/v2\/users\/2"}],"replies":[{"embeddable":true,"href":"http:\/\/archiv.szolnoktv.hu\/index.php?rest_route=%2Fwp%2Fv2%2Fcomments&post=3725"}],"version-history":[{"count":1,"href":"http:\/\/archiv.szolnoktv.hu\/index.php?rest_route=\/wp\/v2\/posts\/3725\/revisions"}],"predecessor-version":[{"id":3730,"href":"http:\/\/archiv.szolnoktv.hu\/index.php?rest_route=\/wp\/v2\/posts\/3725\/revisions\/3730"}],"wp:attachment":[{"href":"http:\/\/archiv.szolnoktv.hu\/index.php?rest_route=%2Fwp%2Fv2%2Fmedia&parent=3725"}],"wp:term":[{"taxonomy":"category","embeddable":true,"href":"http:\/\/archiv.szolnoktv.hu\/index.php?rest_route=%2Fwp%2Fv2%2Fcategories&post=3725"},{"taxonomy":"post_tag","embeddable":true,"href":"http:\/\/archiv.szolnoktv.hu\/index.php?rest_route=%2Fwp%2Fv2%2Ftags&post=3725"}],"curies":[{"name":"wp","href":"https:\/\/api.w.org\/{rel}","templated":true}]}}