{"id":3724,"date":"2021-01-14T17:15:57","date_gmt":"2021-01-14T17:15:57","guid":{"rendered":"http:\/\/archiv.szolnoktv.hu\/?p=3724"},"modified":"2021-08-02T17:42:53","modified_gmt":"2021-08-02T17:42:53","slug":"tobb-tonna-adomany","status":"publish","type":"post","link":"http:\/\/archiv.szolnoktv.hu\/?p=3724","title":{"rendered":"T\u00f6bb tonna adom\u00e1ny"},"content":{"rendered":"<div class='booster-block booster-read-block'><\/div><p>\u00d6t tonn\u00e1ra sz\u00e1m\u00edtottak, j\u00f3val t\u00f6bb lett. A Fidesz v\u00e1rosi szervezete hirdetett adom\u00e1nygy\u0171jt\u0151 akci\u00f3t a horv\u00e1torsz\u00e1gi f\u00f6ldreng\u00e9s \u00e1ldozatainak megseg\u00edt\u00e9s\u00e9re. A felh\u00edv\u00e1shoz c\u00e9gek, egyes\u00fcletek, szervezetek,mag\u00e1nszem\u00e9lyek csatlakoztak. A Szolnokon \u00f6sszegy\u0171jt\u00f6tt sz\u00e1ll\u00edtm\u00e1ny a j\u00f6v\u0151 h\u00e9ten indul Horv\u00e1torsz\u00e1gba.  rn <br \/> &nbsp;<div style=\"width: 640px;\" class=\"wp-video\"><!--[if lt IE 9]><script>document.createElement('video');<\/script><![endif]-->\n<video class=\"wp-video-shortcode\" id=\"video-3724-1\" width=\"640\" height=\"360\" preload=\"metadata\" controls=\"controls\"><source type=\"video\/mp4\" src=\"\/spots\/hir\/hir_210114_01.mp4?_=1\" \/><a href=\"\/spots\/hir\/hir_210114_01.mp4\">\/spots\/hir\/hir_210114_01.mp4<\/a><\/video><\/div><\/p>\n","protected":false},"excerpt":{"rendered":"<p>\u00d6t tonn\u00e1ra sz\u00e1m\u00edtottak, j\u00f3val t\u00f6bb lett. A Fidesz v\u00e1rosi szervezete hirdetett adom\u00e1nygy\u0171jt\u0151 akci\u00f3t a horv\u00e1torsz\u00e1gi f\u00f6ldreng\u00e9s \u00e1ldozatainak megseg\u00edt\u00e9s\u00e9re. A felh\u00edv\u00e1shoz c\u00e9gek, egyes\u00fcletek, szervezetek,mag\u00e1nszem\u00e9lyek csatlakoztak. A Szolnokon \u00f6sszegy\u0171jt\u00f6tt sz\u00e1ll\u00edtm\u00e1ny a j\u00f6v\u0151 h\u00e9ten indul Horv\u00e1torsz\u00e1gba. rn &nbsp;<\/p>\n","protected":false},"author":2,"featured_media":0,"comment_status":"closed","ping_status":"closed","sticky":false,"template":"","format":"standard","meta":[],"categories":[6],"tags":[],"_links":{"self":[{"href":"http:\/\/archiv.szolnoktv.hu\/index.php?rest_route=\/wp\/v2\/posts\/3724"}],"collection":[{"href":"http:\/\/archiv.szolnoktv.hu\/index.php?rest_route=\/wp\/v2\/posts"}],"about":[{"href":"http:\/\/archiv.szolnoktv.hu\/index.php?rest_route=\/wp\/v2\/types\/post"}],"author":[{"embeddable":true,"href":"http:\/\/archiv.szolnoktv.hu\/index.php?rest_route=\/wp\/v2\/users\/2"}],"replies":[{"embeddable":true,"href":"http:\/\/archiv.szolnoktv.hu\/index.php?rest_route=%2Fwp%2Fv2%2Fcomments&post=3724"}],"version-history":[{"count":1,"href":"http:\/\/archiv.szolnoktv.hu\/index.php?rest_route=\/wp\/v2\/posts\/3724\/revisions"}],"predecessor-version":[{"id":3731,"href":"http:\/\/archiv.szolnoktv.hu\/index.php?rest_route=\/wp\/v2\/posts\/3724\/revisions\/3731"}],"wp:attachment":[{"href":"http:\/\/archiv.szolnoktv.hu\/index.php?rest_route=%2Fwp%2Fv2%2Fmedia&parent=3724"}],"wp:term":[{"taxonomy":"category","embeddable":true,"href":"http:\/\/archiv.szolnoktv.hu\/index.php?rest_route=%2Fwp%2Fv2%2Fcategories&post=3724"},{"taxonomy":"post_tag","embeddable":true,"href":"http:\/\/archiv.szolnoktv.hu\/index.php?rest_route=%2Fwp%2Fv2%2Ftags&post=3724"}],"curies":[{"name":"wp","href":"https:\/\/api.w.org\/{rel}","templated":true}]}}