{"id":3693,"date":"2021-01-14T17:10:18","date_gmt":"2021-01-14T17:10:18","guid":{"rendered":"http:\/\/archiv.szolnoktv.hu\/?p=3693"},"modified":"2021-08-02T17:27:35","modified_gmt":"2021-08-02T17:27:35","slug":"bovult-a-kor","status":"publish","type":"post","link":"http:\/\/archiv.szolnoktv.hu\/?p=3693","title":{"rendered":"B\u0151v\u00fclt a k\u00f6r"},"content":{"rendered":"<div class='booster-block booster-read-block'><\/div><p>H\u00e1rom megy\u00e9nkbeli telep\u00fcl\u00e9ssel b\u0151v\u00fclt azoknak a falvaknak a list\u00e1ja, ahol ig\u00e9nybe vehet\u0151 a csal\u00e1di otthonteremt\u00e9si kedvezm\u00e9ny. Az \u00fagynevezett falusi CSOK-ot janu\u00e1rt\u00f3l Cserkesz\u0151l\u0151n, J\u00e1szfels\u0151szentgy\u00f6rgy\u00f6n \u00e9s Sz\u00e1szberken is k\u00e9rhetik haszn\u00e1lt lak\u00e1s v\u00e1s\u00e1rl\u00e1s\u00e1ra \u00e9s fel\u00faj\u00edt\u00e1s\u00e1ra vagy megl\u00e9v\u0151 otthonuk korszer\u0171s\u00edt\u00e9s\u00e9re a csal\u00e1dok. A korm\u00e1nynak az a c\u00e9lja, hogy  a fiatal p\u00e1rok leteleped\u00e9s\u00e9nek seg\u00edt\u00e9s\u00e9vel meg\u00e1ll\u00edtsa a falvak n\u00e9pess\u00e9gcs\u00f6kken\u00e9s\u00e9t. <br \/>rn &nbsp;<div style=\"width: 640px;\" class=\"wp-video\"><!--[if lt IE 9]><script>document.createElement('video');<\/script><![endif]-->\n<video class=\"wp-video-shortcode\" id=\"video-3693-1\" width=\"640\" height=\"360\" preload=\"metadata\" controls=\"controls\"><source type=\"video\/mp4\" src=\"\/spots\/hir\/hir_210114_07.mp4?_=1\" \/><a href=\"\/spots\/hir\/hir_210114_07.mp4\">\/spots\/hir\/hir_210114_07.mp4<\/a><\/video><\/div><\/p>\n","protected":false},"excerpt":{"rendered":"<p>H\u00e1rom megy\u00e9nkbeli telep\u00fcl\u00e9ssel b\u0151v\u00fclt azoknak a falvaknak a list\u00e1ja, ahol ig\u00e9nybe vehet\u0151 a csal\u00e1di otthonteremt\u00e9si kedvezm\u00e9ny. Az \u00fagynevezett falusi CSOK-ot janu\u00e1rt\u00f3l Cserkesz\u0151l\u0151n, J\u00e1szfels\u0151szentgy\u00f6rgy\u00f6n \u00e9s Sz\u00e1szberken is k\u00e9rhetik haszn\u00e1lt lak\u00e1s v\u00e1s\u00e1rl\u00e1s\u00e1ra \u00e9s fel\u00faj\u00edt\u00e1s\u00e1ra vagy megl\u00e9v\u0151 otthonuk korszer\u0171s\u00edt\u00e9s\u00e9re a csal\u00e1dok. A korm\u00e1nynak az a c\u00e9lja, hogy a fiatal p\u00e1rok leteleped\u00e9s\u00e9nek seg\u00edt\u00e9s\u00e9vel meg\u00e1ll\u00edtsa a falvak n\u00e9pess\u00e9gcs\u00f6kken\u00e9s\u00e9t. rn &nbsp;<\/p>\n","protected":false},"author":2,"featured_media":0,"comment_status":"closed","ping_status":"closed","sticky":false,"template":"","format":"standard","meta":[],"categories":[6],"tags":[],"_links":{"self":[{"href":"http:\/\/archiv.szolnoktv.hu\/index.php?rest_route=\/wp\/v2\/posts\/3693"}],"collection":[{"href":"http:\/\/archiv.szolnoktv.hu\/index.php?rest_route=\/wp\/v2\/posts"}],"about":[{"href":"http:\/\/archiv.szolnoktv.hu\/index.php?rest_route=\/wp\/v2\/types\/post"}],"author":[{"embeddable":true,"href":"http:\/\/archiv.szolnoktv.hu\/index.php?rest_route=\/wp\/v2\/users\/2"}],"replies":[{"embeddable":true,"href":"http:\/\/archiv.szolnoktv.hu\/index.php?rest_route=%2Fwp%2Fv2%2Fcomments&post=3693"}],"version-history":[{"count":1,"href":"http:\/\/archiv.szolnoktv.hu\/index.php?rest_route=\/wp\/v2\/posts\/3693\/revisions"}],"predecessor-version":[{"id":3694,"href":"http:\/\/archiv.szolnoktv.hu\/index.php?rest_route=\/wp\/v2\/posts\/3693\/revisions\/3694"}],"wp:attachment":[{"href":"http:\/\/archiv.szolnoktv.hu\/index.php?rest_route=%2Fwp%2Fv2%2Fmedia&parent=3693"}],"wp:term":[{"taxonomy":"category","embeddable":true,"href":"http:\/\/archiv.szolnoktv.hu\/index.php?rest_route=%2Fwp%2Fv2%2Fcategories&post=3693"},{"taxonomy":"post_tag","embeddable":true,"href":"http:\/\/archiv.szolnoktv.hu\/index.php?rest_route=%2Fwp%2Fv2%2Ftags&post=3693"}],"curies":[{"name":"wp","href":"https:\/\/api.w.org\/{rel}","templated":true}]}}