{"id":3692,"date":"2021-01-14T17:03:28","date_gmt":"2021-01-14T17:03:28","guid":{"rendered":"http:\/\/archiv.szolnoktv.hu\/?p=3692"},"modified":"2021-08-02T17:27:36","modified_gmt":"2021-08-02T17:27:36","slug":"csaknem-5-milliard-kormanyzati-tamogatas","status":"publish","type":"post","link":"http:\/\/archiv.szolnoktv.hu\/?p=3692","title":{"rendered":"Csaknem 5 milli\u00e1rd korm\u00e1nyzati t\u00e1mogat\u00e1s"},"content":{"rendered":"<div class='booster-block booster-read-block'><\/div><p>Export- \u00e9s kapacit\u00e1sb\u0151v\u00fcl\u00e9s 2020-ban. Haz\u00e1nk egyik legnagyobb sajtgy\u00e1rt\u00f3ja \u00e9s \u00e9lelmiszer-export\u0151re a K\u0151r\u00f6stej Csoport k\u00f6zvetve a magyar gazd\u00e1k munk\u00e1j\u00e1t is exportbev\u00e9telre v\u00e1ltja, mivel a gy\u00e1raikban feldolgozott t\u00f6bb, mint 100 milli\u00f3 liter nyers tej kiz\u00e1r\u00f3lag hazai gazdas\u00e1gokb\u00f3l sz\u00e1rmazik. A c\u00e9gcsoport egyetlen \u00fczem\u00e9ben, \u00edgy a Szolnokt\u00f3l n\u00e9h\u00e1ny kilom\u00e9terre l\u00e9v\u0151 k\u0151r\u00f6stet\u00e9tleniben sem volt sem kapacit\u00e1s-sz\u0171k\u00edt\u00e9s, sem l\u00e9tsz\u00e1mle\u00e9p\u00edt\u00e9s.  <br \/>rn &nbsp;<div style=\"width: 640px;\" class=\"wp-video\"><!--[if lt IE 9]><script>document.createElement('video');<\/script><![endif]-->\n<video class=\"wp-video-shortcode\" id=\"video-3692-1\" width=\"640\" height=\"360\" preload=\"metadata\" controls=\"controls\"><source type=\"video\/mp4\" src=\"\/spots\/hir\/hir_210114_04.mp4?_=1\" \/><a href=\"\/spots\/hir\/hir_210114_04.mp4\">\/spots\/hir\/hir_210114_04.mp4<\/a><\/video><\/div><\/p>\n","protected":false},"excerpt":{"rendered":"<p>Export- \u00e9s kapacit\u00e1sb\u0151v\u00fcl\u00e9s 2020-ban. Haz\u00e1nk egyik legnagyobb sajtgy\u00e1rt\u00f3ja \u00e9s \u00e9lelmiszer-export\u0151re a K\u0151r\u00f6stej Csoport k\u00f6zvetve a magyar gazd\u00e1k munk\u00e1j\u00e1t is exportbev\u00e9telre v\u00e1ltja, mivel a gy\u00e1raikban feldolgozott t\u00f6bb, mint 100 milli\u00f3 liter nyers tej kiz\u00e1r\u00f3lag hazai gazdas\u00e1gokb\u00f3l sz\u00e1rmazik. A c\u00e9gcsoport egyetlen \u00fczem\u00e9ben, \u00edgy a Szolnokt\u00f3l n\u00e9h\u00e1ny kilom\u00e9terre l\u00e9v\u0151 k\u0151r\u00f6stet\u00e9tleniben sem volt sem kapacit\u00e1s-sz\u0171k\u00edt\u00e9s, sem l\u00e9tsz\u00e1mle\u00e9p\u00edt\u00e9s. rn &nbsp;<\/p>\n","protected":false},"author":2,"featured_media":0,"comment_status":"closed","ping_status":"closed","sticky":false,"template":"","format":"standard","meta":[],"categories":[6],"tags":[],"_links":{"self":[{"href":"http:\/\/archiv.szolnoktv.hu\/index.php?rest_route=\/wp\/v2\/posts\/3692"}],"collection":[{"href":"http:\/\/archiv.szolnoktv.hu\/index.php?rest_route=\/wp\/v2\/posts"}],"about":[{"href":"http:\/\/archiv.szolnoktv.hu\/index.php?rest_route=\/wp\/v2\/types\/post"}],"author":[{"embeddable":true,"href":"http:\/\/archiv.szolnoktv.hu\/index.php?rest_route=\/wp\/v2\/users\/2"}],"replies":[{"embeddable":true,"href":"http:\/\/archiv.szolnoktv.hu\/index.php?rest_route=%2Fwp%2Fv2%2Fcomments&post=3692"}],"version-history":[{"count":1,"href":"http:\/\/archiv.szolnoktv.hu\/index.php?rest_route=\/wp\/v2\/posts\/3692\/revisions"}],"predecessor-version":[{"id":3695,"href":"http:\/\/archiv.szolnoktv.hu\/index.php?rest_route=\/wp\/v2\/posts\/3692\/revisions\/3695"}],"wp:attachment":[{"href":"http:\/\/archiv.szolnoktv.hu\/index.php?rest_route=%2Fwp%2Fv2%2Fmedia&parent=3692"}],"wp:term":[{"taxonomy":"category","embeddable":true,"href":"http:\/\/archiv.szolnoktv.hu\/index.php?rest_route=%2Fwp%2Fv2%2Fcategories&post=3692"},{"taxonomy":"post_tag","embeddable":true,"href":"http:\/\/archiv.szolnoktv.hu\/index.php?rest_route=%2Fwp%2Fv2%2Ftags&post=3692"}],"curies":[{"name":"wp","href":"https:\/\/api.w.org\/{rel}","templated":true}]}}