{"id":3687,"date":"2021-01-13T18:17:26","date_gmt":"2021-01-13T18:17:26","guid":{"rendered":"http:\/\/archiv.szolnoktv.hu\/?p=3687"},"modified":"2021-08-02T17:27:37","modified_gmt":"2021-08-02T17:27:37","slug":"kormanyhatarozat-a-videk-megujitasarol","status":"publish","type":"post","link":"http:\/\/archiv.szolnoktv.hu\/?p=3687","title":{"rendered":"Korm\u00e1nyhat\u00e1rozat a vid\u00e9k meg\u00faj\u00edt\u00e1s\u00e1r\u00f3l"},"content":{"rendered":"<div class='booster-block booster-read-block'><\/div><p>Minden eddigin\u00e9l t\u00f6bb p\u00e9nz jut a vid\u00e9k meg\u00faj\u00edt\u00e1s\u00e1ra 2021 \u00e9s 2027 k\u00f6z\u00f6tt. Egyebek mellett err\u0151l is rendelkezik az a korm\u00e1nyhat\u00e1rozat, amely a hazai mez\u0151gazdas\u00e1g \u00e9s \u00e9lelmiszeripar versenyk\u00e9pess\u00e9g\u00e9nek, valamint a gazd\u00e1k t\u00e1mogat\u00e1si szintj\u00e9nek  meg\u0151rz\u00e9s\u00e9r\u0151l rendelkezik.   <br \/>rn  &nbsp;<div style=\"width: 640px;\" class=\"wp-video\"><!--[if lt IE 9]><script>document.createElement('video');<\/script><![endif]-->\n<video class=\"wp-video-shortcode\" id=\"video-3687-1\" width=\"640\" height=\"360\" preload=\"metadata\" controls=\"controls\"><source type=\"video\/mp4\" src=\"\/spots\/hir\/hir_210113_01.mp4?_=1\" \/><a href=\"\/spots\/hir\/hir_210113_01.mp4\">\/spots\/hir\/hir_210113_01.mp4<\/a><\/video><\/div><\/p>\n","protected":false},"excerpt":{"rendered":"<p>Minden eddigin\u00e9l t\u00f6bb p\u00e9nz jut a vid\u00e9k meg\u00faj\u00edt\u00e1s\u00e1ra 2021 \u00e9s 2027 k\u00f6z\u00f6tt. Egyebek mellett err\u0151l is rendelkezik az a korm\u00e1nyhat\u00e1rozat, amely a hazai mez\u0151gazdas\u00e1g \u00e9s \u00e9lelmiszeripar versenyk\u00e9pess\u00e9g\u00e9nek, valamint a gazd\u00e1k t\u00e1mogat\u00e1si szintj\u00e9nek meg\u0151rz\u00e9s\u00e9r\u0151l rendelkezik. rn &nbsp;<\/p>\n","protected":false},"author":2,"featured_media":0,"comment_status":"closed","ping_status":"closed","sticky":false,"template":"","format":"standard","meta":[],"categories":[6],"tags":[],"_links":{"self":[{"href":"http:\/\/archiv.szolnoktv.hu\/index.php?rest_route=\/wp\/v2\/posts\/3687"}],"collection":[{"href":"http:\/\/archiv.szolnoktv.hu\/index.php?rest_route=\/wp\/v2\/posts"}],"about":[{"href":"http:\/\/archiv.szolnoktv.hu\/index.php?rest_route=\/wp\/v2\/types\/post"}],"author":[{"embeddable":true,"href":"http:\/\/archiv.szolnoktv.hu\/index.php?rest_route=\/wp\/v2\/users\/2"}],"replies":[{"embeddable":true,"href":"http:\/\/archiv.szolnoktv.hu\/index.php?rest_route=%2Fwp%2Fv2%2Fcomments&post=3687"}],"version-history":[{"count":1,"href":"http:\/\/archiv.szolnoktv.hu\/index.php?rest_route=\/wp\/v2\/posts\/3687\/revisions"}],"predecessor-version":[{"id":3700,"href":"http:\/\/archiv.szolnoktv.hu\/index.php?rest_route=\/wp\/v2\/posts\/3687\/revisions\/3700"}],"wp:attachment":[{"href":"http:\/\/archiv.szolnoktv.hu\/index.php?rest_route=%2Fwp%2Fv2%2Fmedia&parent=3687"}],"wp:term":[{"taxonomy":"category","embeddable":true,"href":"http:\/\/archiv.szolnoktv.hu\/index.php?rest_route=%2Fwp%2Fv2%2Fcategories&post=3687"},{"taxonomy":"post_tag","embeddable":true,"href":"http:\/\/archiv.szolnoktv.hu\/index.php?rest_route=%2Fwp%2Fv2%2Ftags&post=3687"}],"curies":[{"name":"wp","href":"https:\/\/api.w.org\/{rel}","templated":true}]}}