{"id":3685,"date":"2021-01-13T18:10:42","date_gmt":"2021-01-13T18:10:42","guid":{"rendered":"http:\/\/archiv.szolnoktv.hu\/?p=3685"},"modified":"2021-08-02T17:27:38","modified_gmt":"2021-08-02T17:27:38","slug":"hosszabb-a-jotallas","status":"publish","type":"post","link":"http:\/\/archiv.szolnoktv.hu\/?p=3685","title":{"rendered":"Hosszabb a j\u00f3t\u00e1ll\u00e1s"},"content":{"rendered":"<div class='booster-block booster-read-block'><\/div><p>A k\u00f6telez\u0151 garancia szempontj\u00e1b\u00f3l nincs szerencs\u00e9je annak, aki kar\u00e1csonyra kapott vagy v\u00e1s\u00e1rolt valamilyen nagyobb \u00e9rt\u00e9k\u0171 tart\u00f3s fogyaszt\u00e1si cikket. Azokra ugyanis m\u00e9g a r\u00e9gi j\u00f3t\u00e1ll\u00e1si szab\u00e1lyok vonatkoznak. A janu\u00e1r 1-je ut\u00e1n beszerzett \u00e1ruk eset\u00e9ben viszont m\u00e1r hosszabb garanci\u00e1ra, gyorsabb jav\u00edt\u00e1sra \u00e9s rugalmasabb cser\u00e9re sz\u00e1m\u00edthatunk. A m\u00f3dos\u00edt\u00e1sokt\u00f3l hossz\u00fa t\u00e1von tart\u00f3sabb term\u00e9kek el\u0151\u00e1ll\u00edt\u00e1s\u00e1t v\u00e1rja a jogalkot\u00f3.    <br \/>rn &nbsp;<div style=\"width: 640px;\" class=\"wp-video\"><!--[if lt IE 9]><script>document.createElement('video');<\/script><![endif]-->\n<video class=\"wp-video-shortcode\" id=\"video-3685-1\" width=\"640\" height=\"360\" preload=\"metadata\" controls=\"controls\"><source type=\"video\/mp4\" src=\"\/spots\/hir\/hir_210111_04.mp4?_=1\" \/><a href=\"\/spots\/hir\/hir_210111_04.mp4\">\/spots\/hir\/hir_210111_04.mp4<\/a><\/video><\/div><\/p>\n","protected":false},"excerpt":{"rendered":"<p>A k\u00f6telez\u0151 garancia szempontj\u00e1b\u00f3l nincs szerencs\u00e9je annak, aki kar\u00e1csonyra kapott vagy v\u00e1s\u00e1rolt valamilyen nagyobb \u00e9rt\u00e9k\u0171 tart\u00f3s fogyaszt\u00e1si cikket. Azokra ugyanis m\u00e9g a r\u00e9gi j\u00f3t\u00e1ll\u00e1si szab\u00e1lyok vonatkoznak. A janu\u00e1r 1-je ut\u00e1n beszerzett \u00e1ruk eset\u00e9ben viszont m\u00e1r hosszabb garanci\u00e1ra, gyorsabb jav\u00edt\u00e1sra \u00e9s rugalmasabb cser\u00e9re sz\u00e1m\u00edthatunk. A m\u00f3dos\u00edt\u00e1sokt\u00f3l hossz\u00fa t\u00e1von tart\u00f3sabb term\u00e9kek el\u0151\u00e1ll\u00edt\u00e1s\u00e1t v\u00e1rja a jogalkot\u00f3. rn &nbsp;<\/p>\n","protected":false},"author":2,"featured_media":0,"comment_status":"closed","ping_status":"closed","sticky":false,"template":"","format":"standard","meta":[],"categories":[6],"tags":[],"_links":{"self":[{"href":"http:\/\/archiv.szolnoktv.hu\/index.php?rest_route=\/wp\/v2\/posts\/3685"}],"collection":[{"href":"http:\/\/archiv.szolnoktv.hu\/index.php?rest_route=\/wp\/v2\/posts"}],"about":[{"href":"http:\/\/archiv.szolnoktv.hu\/index.php?rest_route=\/wp\/v2\/types\/post"}],"author":[{"embeddable":true,"href":"http:\/\/archiv.szolnoktv.hu\/index.php?rest_route=\/wp\/v2\/users\/2"}],"replies":[{"embeddable":true,"href":"http:\/\/archiv.szolnoktv.hu\/index.php?rest_route=%2Fwp%2Fv2%2Fcomments&post=3685"}],"version-history":[{"count":1,"href":"http:\/\/archiv.szolnoktv.hu\/index.php?rest_route=\/wp\/v2\/posts\/3685\/revisions"}],"predecessor-version":[{"id":3702,"href":"http:\/\/archiv.szolnoktv.hu\/index.php?rest_route=\/wp\/v2\/posts\/3685\/revisions\/3702"}],"wp:attachment":[{"href":"http:\/\/archiv.szolnoktv.hu\/index.php?rest_route=%2Fwp%2Fv2%2Fmedia&parent=3685"}],"wp:term":[{"taxonomy":"category","embeddable":true,"href":"http:\/\/archiv.szolnoktv.hu\/index.php?rest_route=%2Fwp%2Fv2%2Fcategories&post=3685"},{"taxonomy":"post_tag","embeddable":true,"href":"http:\/\/archiv.szolnoktv.hu\/index.php?rest_route=%2Fwp%2Fv2%2Ftags&post=3685"}],"curies":[{"name":"wp","href":"https:\/\/api.w.org\/{rel}","templated":true}]}}